{"id":705155,"date":"2026-02-01T23:55:16","date_gmt":"2026-02-01T23:55:16","guid":{"rendered":"https:\/\/www.europesays.com\/fr\/705155\/"},"modified":"2026-02-01T23:55:16","modified_gmt":"2026-02-01T23:55:16","slug":"les-images-du-saut-en-parachute-depuis-la-tour-triangle-dans-le-15e-arrondissement","status":"publish","type":"post","link":"https:\/\/www.europesays.com\/fr\/705155\/","title":{"rendered":"les images du saut en parachute depuis la tour Triangle dans le 15e arrondissement"},"content":{"rendered":"<p>                    Par<br \/>\n        <strong><br \/>\n            <a href=\"https:\/\/actu.fr\/auteur\/glenn-gillet\" title=\"Consulter tous les articles de Glenn Gillet\" rel=\"nofollow noopener\" target=\"_blank\">Glenn Gillet<\/a><br \/>\n                    <\/strong><\/p>\n<p>        Publi\u00e9 le<\/p>\n<p>            1 f\u00e9vr. 2026 \u00e0 18h59        <\/p>\n<p>Alors que sa construction n\u2019est <strong>pas encore termin\u00e9e<\/strong>, certains ont d\u00e9j\u00e0 trouv\u00e9 une utilit\u00e9 \u00e0 la <a href=\"https:\/\/actu.fr\/ile-de-france\/paris_75056\/paris-mort-d-un-ouvrier-sur-le-chantier-de-la-tour-triangle-une-enquete-ouverte_61649802.html\" rel=\"nofollow noopener\" target=\"_blank\">tour Triangle<\/a>. Une vid\u00e9o diffus\u00e9e samedi 31 janvier 2026 sur <a href=\"https:\/\/www.tiktok.com\/@m_a_a_x_o_o_w\/video\/7601506562938653974?embed_source=121374463%2C121468991%2C121439635%2C121749182%2C121433650%2C121404358%2C121497414%2C122122240%2C121351166%2C121811500%2C121960941%2C122122244%2C122122243%2C122122242%2C121487028%2C121331973%2C120811592%2C120810756%2C121885509%3Bnull%3Bembed_masking&amp;refer=embed&amp;referer_url=www.cnews.fr%2Ffrance%2F2026-02-01%2Fparis-les-images-impressionnantes-du-saut-en-parachute-realise-depuis-le-sommet&amp;referer_video_id=7601506562938653974\" rel=\"nofollow noopener\" target=\"_blank\">TikTok<\/a> montre une personne tomber en chute libre depuis le sommet de l\u2019\u00e9difice, situ\u00e9 dans le <a href=\"https:\/\/actu.fr\/ile-de-france\/paris_75056\/municipales-2026-a-paris-un-desert-dans-le-15e-les-habitants-deplorent-le-manque-de-transports-en-commun_63722349.html\" rel=\"nofollow noopener\" target=\"_blank\">15e arrondissement de Paris<\/a>, avant d\u2019ouvrir son <strong>parachute<\/strong>.<\/p>\n<p>Une enqu\u00eate ouverte<\/p>\n<p class=\" wall-content\">Selon Le Parisien, ce sont deux parachutistes qui se sont servis du chantier pour pratiquer le base jump, cette discipline du parachutisme qui implique de partir d\u2019un point fixe, g\u00e9n\u00e9ralement un immeuble de grande hauteur. La tour Triangle n\u2019a pas encore atteint sa taille finale (<strong>180 m\u00e8tres de haut<\/strong> pour 44 \u00e9tages), mais elle en est proche.<\/p>\n<p class=\" wall-content\">Les deux comp\u00e8res seraient entr\u00e9s sur le site du chantier vers 13h30 avant de monter les \u00e9tages et de sauter dans le vide. \u00c0 leur arriv\u00e9e au sol, un agent de s\u00e9curit\u00e9 aurait tent\u00e9 de les stopper, mais les deux hommes ont finalement pris la fuite apr\u00e8s une altercation avec l\u2019agent. \u00ab\u2009Nous condamnons fermement cette intrusion et cette agression\u2009\u00bb, a r\u00e9agi aupr\u00e8s du Parisien le projet Triangle, annon\u00e7ant par ailleurs avoir d\u00e9pos\u00e9 plainte. Une source polici\u00e8re indique \u00e0 actu Paris qu\u2019une enqu\u00eate a \u00e9t\u00e9 ouverte.<\/p>\n<blockquote class=\"tiktok-embed\" cite=\"https:\/\/www.tiktok.com\/@m_a_a_x_o_o_w\/video\/7601506562938653974\" data-video-id=\"7601506562938653974\" data-embed-from=\"oembed\" style=\"max-width:605px; min-width:325px;\"><p>\n<a target=\"_blank\" title=\"@m_a_a_x_o_o_w\" href=\"https:\/\/www.tiktok.com\/@m_a_a_x_o_o_w?refer=embed\" rel=\"nofollow noopener\">@m_a_a_x_o_o_w<\/a> <\/p>\n<p>saut en parachute de la tour triangle \ud83e\udd2f\ud83e\udd2f\ud83e\udd2f\ud83e\udd2f <a title=\"paris\" target=\"_blank\" href=\"https:\/\/www.tiktok.com\/tag\/paris?refer=embed\" rel=\"nofollow noopener\">#paris<\/a> <a title=\"parachute\" target=\"_blank\" href=\"https:\/\/www.tiktok.com\/tag\/parachute?refer=embed\" rel=\"nofollow noopener\">#parachute<\/a> <a title=\"tourtriangle\" target=\"_blank\" href=\"https:\/\/www.tiktok.com\/tag\/tourtriangle?refer=embed\" rel=\"nofollow noopener\">#tourtriangle<\/a> <a title=\"saut\" target=\"_blank\" href=\"https:\/\/www.tiktok.com\/tag\/saut?refer=embed\" rel=\"nofollow noopener\">#saut<\/a> <a title=\"parachutetourtriangle\" target=\"_blank\" href=\"https:\/\/www.tiktok.com\/tag\/parachutetourtriangle?refer=embed\" rel=\"nofollow noopener\">#parachutetourtriangle<\/a> <\/p>\n<p> <a target=\"_blank\" title=\"\u266c Regarde moi \u00e7a ma couille - JPtruckphotographie\" href=\"https:\/\/www.tiktok.com\/music\/Regarde-moi-%C3%A7a-ma-couille-7402246315805035297?refer=embed\" rel=\"nofollow noopener\">\u266c Regarde moi \u00e7a ma couille \u2013 JPtruckphotographie<\/a> <\/p>\n<\/blockquote>\n<p class=\" wall-content\">Ces derni\u00e8res ann\u00e9es, les hauts \u00e9difices de Paris et de sa banlieue ont r\u00e9guli\u00e8rement \u00e9t\u00e9 le th\u00e9\u00e2tre de sauts impressionnants de ce type, depuis des b\u00e2timents embl\u00e9matiques comme la tour Eiffel et Notre-Dame de Paris mais aussi depuis les tours de La D\u00e9fense.<\/p>\n<p class=\" wall-content\">Pour contrer la pratique, la pr\u00e9fecture de police a pris en avril 2024 un <a href=\"https:\/\/actu.fr\/ile-de-france\/paris_75056\/cette-pratique-extreme-et-a-risque-est-desormais-interdite-dans-le-ciel-de-paris_60903671.html\" rel=\"nofollow noopener\" target=\"_blank\">arr\u00eat\u00e9 interdisant, sauf sur d\u00e9rogation, la pratique du base jump<\/a> dans l\u2019agglom\u00e9ration parisienne, l\u2019assimilant au fait d\u2019\u00ab\u2009exposer directement autrui \u00e0 un risque imm\u00e9diat de mort ou de blessures de nature \u00e0 entra\u00eener une mutilation ou une infirmit\u00e9 permanente par la violation manifestement d\u00e9lib\u00e9r\u00e9e d\u2019une obligation particuli\u00e8re de prudence ou de s\u00e9curit\u00e9\u2009\u00bb. Un d\u00e9lit punissable d\u2019un an d\u2019emprisonnement et de 15\u2009000 euros d\u2019amende.<\/p>\n<p class=\" wall-content\">Personnalisez votre actualit\u00e9 en ajoutant vos villes et m\u00e9dias en favori avec <a href=\"https:\/\/moncompte.actu.fr\" title=\"D\u00e9couvez Mon Actu\" rel=\"nofollow noopener\" data-trk=\"{&quot;cta&quot;:{&quot;action&quot;:&quot;https:\\\/\\\/moncompte.actu.fr&quot;,&quot;category&quot;:&quot;mon compte&quot;,&quot;from&quot;:&quot;article footer&quot;,&quot;name&quot;:&quot;Mon actu&quot;,&quot;type&quot;:&quot;cta&quot;}}\" target=\"_blank\">Mon Actu<\/a>.<\/p>\n<p>                    <script async src=\"\/\/www.tiktok.com\/embed.js\"><\/script><\/p>\n","protected":false},"excerpt":{"rendered":"Par Glenn Gillet Publi\u00e9 le 1 f\u00e9vr. 2026 \u00e0 18h59 Alors que sa construction n\u2019est pas encore termin\u00e9e,&hellip;\n","protected":false},"author":2,"featured_media":705156,"comment_status":"","ping_status":"","sticky":false,"template":"","format":"standard","meta":{"footnotes":"","_share_on_mastodon":"0"},"categories":[1888],"tags":[1111,1928,11,1927,1777,674,1011,27,12,1926,58085,626,1925,1072,25,104],"class_list":["post-705155","post","type-post","status-publish","format-standard","has-post-thumbnail","category-paris","tag-actu","tag-actu-paris","tag-actualites","tag-actualites-paris","tag-eu","tag-europe","tag-fr","tag-france","tag-news","tag-news-paris","tag-parachute","tag-paris","tag-paris-news","tag-police","tag-republique-francaise","tag-societe"],"share_on_mastodon":{"url":"https:\/\/pubeurope.com\/@fr\/115998081186038398","error":""},"_links":{"self":[{"href":"https:\/\/www.europesays.com\/fr\/wp-json\/wp\/v2\/posts\/705155","targetHints":{"allow":["GET"]}}],"collection":[{"href":"https:\/\/www.europesays.com\/fr\/wp-json\/wp\/v2\/posts"}],"about":[{"href":"https:\/\/www.europesays.com\/fr\/wp-json\/wp\/v2\/types\/post"}],"author":[{"embeddable":true,"href":"https:\/\/www.europesays.com\/fr\/wp-json\/wp\/v2\/users\/2"}],"replies":[{"embeddable":true,"href":"https:\/\/www.europesays.com\/fr\/wp-json\/wp\/v2\/comments?post=705155"}],"version-history":[{"count":0,"href":"https:\/\/www.europesays.com\/fr\/wp-json\/wp\/v2\/posts\/705155\/revisions"}],"wp:featuredmedia":[{"embeddable":true,"href":"https:\/\/www.europesays.com\/fr\/wp-json\/wp\/v2\/media\/705156"}],"wp:attachment":[{"href":"https:\/\/www.europesays.com\/fr\/wp-json\/wp\/v2\/media?parent=705155"}],"wp:term":[{"taxonomy":"category","embeddable":true,"href":"https:\/\/www.europesays.com\/fr\/wp-json\/wp\/v2\/categories?post=705155"},{"taxonomy":"post_tag","embeddable":true,"href":"https:\/\/www.europesays.com\/fr\/wp-json\/wp\/v2\/tags?post=705155"}],"curies":[{"name":"wp","href":"https:\/\/api.w.org\/{rel}","templated":true}]}}