{"id":70526,"date":"2025-05-02T23:54:09","date_gmt":"2025-05-02T23:54:09","guid":{"rendered":"https:\/\/www.europesays.com\/fr\/70526\/"},"modified":"2025-05-02T23:54:09","modified_gmt":"2025-05-02T23:54:09","slug":"previsions-du-samedi-3-mai-2025-4","status":"publish","type":"post","link":"https:\/\/www.europesays.com\/fr\/70526\/","title":{"rendered":"pr\u00e9visions du samedi 3 mai 2025"},"content":{"rendered":"<p>Aujourd&rsquo;hui, le soleil sera dissimul\u00e9 derri\u00e8re des nuages \u00e0 Montpellier, o\u00f9 le temps sera voil\u00e9. Il va pleuvoir. Il va faire environ 18\u00b0C. Une brise de sud-est soufflera doucement. Le matin, on anticipe des temp\u00e9ratures avoisinant 18\u00b0C. La grisaille ne se dissipe toujours pas, il va y avoir encore des nuages l&rsquo;apr\u00e8s-midi. Les valeurs s&rsquo;\u00e9chelonneront de 18 \u00e0 20\u00b0C. Le soir, toujours de l\u00e9gers nuages dans le ciel qui emp\u00eachent le soleil d&rsquo;appara\u00eetre. Les maximales iront jusqu&rsquo;\u00e0 17\u00b0C et les minimales seront de 16\u00b0C. Durant la nuit de samedi \u00e0 dimanche, le ciel sera pluvieux.<\/p>\n<p>Demain, Montpellier aura des temp\u00e9ratures d&rsquo;environ 18\u00b0C. La m\u00e9t\u00e9o va progressivement s&rsquo;am\u00e9liorer dans la matin\u00e9e et laisser place \u00e0 des \u00e9claircies. Les valeurs s&rsquo;\u00e9chelonneront entre 16 et 20\u00b0C. Un l\u00e9ger vent de nord-est sera ressenti par les habitants. Les nuages seront visibles demain apr\u00e8s-midi. Des orages atteindront la ville. Les temp\u00e9ratures seront de 17\u00b0C au plus bas et de 21\u00b0C au plus haut. La soir\u00e9e aura lieu sous un ciel mitig\u00e9, marqu\u00e9e par de petites averses. Les valeurs seront comprises entre 16\u00b0C et 17\u00b0C. Un vent de nord-ouest soufflera l\u00e9g\u00e8rement, avec 6 km\/h.<\/p>\n<p>On s&rsquo;attend \u00e0 une am\u00e9lioration mardi, apr\u00e8s un jour pluvieux lundi.<\/p>\n<p><\/p>\n","protected":false},"excerpt":{"rendered":"Aujourd&rsquo;hui, le soleil sera dissimul\u00e9 derri\u00e8re des nuages \u00e0 Montpellier, o\u00f9 le temps sera voil\u00e9. Il va pleuvoir.&hellip;\n","protected":false},"author":2,"featured_media":70527,"comment_status":"","ping_status":"","sticky":false,"template":"","format":"standard","meta":{"footnotes":""},"categories":[9599],"tags":[1111,11,1777,674,1011,27,7089,2681,2208,12,2680,2119,25],"class_list":{"0":"post-70526","1":"post","2":"type-post","3":"status-publish","4":"format-standard","5":"has-post-thumbnail","7":"category-montpellier","8":"tag-actu","9":"tag-actualites","10":"tag-eu","11":"tag-europe","12":"tag-fr","13":"tag-france","14":"tag-herault","15":"tag-languedoc-roussillon","16":"tag-montpellier","17":"tag-news","18":"tag-occitanie","19":"tag-previsions-meteo","20":"tag-republique-francaise"},"share_on_mastodon":{"url":"https:\/\/pubeurope.com\/@fr\/114440940165044022","error":""},"_links":{"self":[{"href":"https:\/\/www.europesays.com\/fr\/wp-json\/wp\/v2\/posts\/70526","targetHints":{"allow":["GET"]}}],"collection":[{"href":"https:\/\/www.europesays.com\/fr\/wp-json\/wp\/v2\/posts"}],"about":[{"href":"https:\/\/www.europesays.com\/fr\/wp-json\/wp\/v2\/types\/post"}],"author":[{"embeddable":true,"href":"https:\/\/www.europesays.com\/fr\/wp-json\/wp\/v2\/users\/2"}],"replies":[{"embeddable":true,"href":"https:\/\/www.europesays.com\/fr\/wp-json\/wp\/v2\/comments?post=70526"}],"version-history":[{"count":0,"href":"https:\/\/www.europesays.com\/fr\/wp-json\/wp\/v2\/posts\/70526\/revisions"}],"wp:featuredmedia":[{"embeddable":true,"href":"https:\/\/www.europesays.com\/fr\/wp-json\/wp\/v2\/media\/70527"}],"wp:attachment":[{"href":"https:\/\/www.europesays.com\/fr\/wp-json\/wp\/v2\/media?parent=70526"}],"wp:term":[{"taxonomy":"category","embeddable":true,"href":"https:\/\/www.europesays.com\/fr\/wp-json\/wp\/v2\/categories?post=70526"},{"taxonomy":"post_tag","embeddable":true,"href":"https:\/\/www.europesays.com\/fr\/wp-json\/wp\/v2\/tags?post=70526"}],"curies":[{"name":"wp","href":"https:\/\/api.w.org\/{rel}","templated":true}]}}