{"id":70556,"date":"2025-05-03T00:14:15","date_gmt":"2025-05-03T00:14:15","guid":{"rendered":"https:\/\/www.europesays.com\/fr\/70556\/"},"modified":"2025-05-03T00:14:15","modified_gmt":"2025-05-03T00:14:15","slug":"exit-jonathan-david-lom-a-trouve-son-grand-attaquant","status":"publish","type":"post","link":"https:\/\/www.europesays.com\/fr\/70556\/","title":{"rendered":"Exit Jonathan David ! L&rsquo;OM a trouv\u00e9 son grand attaquant"},"content":{"rendered":"<p data-testid=\"article-teaser\">Jonathan David ne viendra pas \u00e0 l\u2019OM. Le club phoc\u00e9en a trouv\u00e9 son renfort offensif. <\/p>\n<p>Depuis plusieurs mois, l\u2019Olympique de Marseille multiplie les pistes pour renforcer son secteur offensif. <a href=\"https:\/\/www.goal.com\/fr\/listes\/jonathan-david-a-l-om-c-est-valide\/blt056bfd32acd41c5b\" target=\"_self\" rel=\"noopener\">Un nom en particulier revenait avec insistance, celui de Jonathan David, dont le contrat arrive \u00e0 son terme avec le LOSC l\u2019\u00e9t\u00e9 prochain<\/a>. Pourtant, un virage strat\u00e9gique inattendu vient bouleverser les plans du club phoc\u00e9en. Un choix qui semble d\u00e9sormais dict\u00e9 par une r\u00e9v\u00e9lation interne aussi \u00e9clatante qu\u2019impr\u00e9visible\u2026 et qui pourrait redistribuer toutes les priorit\u00e9s du prochain mercato.<\/p>\n<p>L&rsquo;article continue ci-dessous<\/p>\n","protected":false},"excerpt":{"rendered":"Jonathan David ne viendra pas \u00e0 l\u2019OM. Le club phoc\u00e9en a trouv\u00e9 son renfort offensif. Depuis plusieurs mois,&hellip;\n","protected":false},"author":2,"featured_media":70557,"comment_status":"","ping_status":"","sticky":false,"template":"","format":"standard","meta":{"footnotes":""},"categories":[2815],"tags":[17268,1111,11,1777,674,1011,27,811,10779,66,1307,17269,884,1434,12,25],"class_list":{"0":"post-70556","1":"post","2":"type-post","3":"status-publish","4":"format-standard","5":"has-post-thumbnail","7":"category-lille","8":"tag-a-gouiri","9":"tag-actu","10":"tag-actualites","11":"tag-eu","12":"tag-europe","13":"tag-fr","14":"tag-france","15":"tag-hauts-de-france","16":"tag-j-david","17":"tag-ligue-1","18":"tag-lille","19":"tag-lille-vs-marseille","20":"tag-marseille","21":"tag-mercato","22":"tag-news","23":"tag-republique-francaise"},"share_on_mastodon":{"url":"https:\/\/pubeurope.com\/@fr\/114441018751774275","error":""},"_links":{"self":[{"href":"https:\/\/www.europesays.com\/fr\/wp-json\/wp\/v2\/posts\/70556","targetHints":{"allow":["GET"]}}],"collection":[{"href":"https:\/\/www.europesays.com\/fr\/wp-json\/wp\/v2\/posts"}],"about":[{"href":"https:\/\/www.europesays.com\/fr\/wp-json\/wp\/v2\/types\/post"}],"author":[{"embeddable":true,"href":"https:\/\/www.europesays.com\/fr\/wp-json\/wp\/v2\/users\/2"}],"replies":[{"embeddable":true,"href":"https:\/\/www.europesays.com\/fr\/wp-json\/wp\/v2\/comments?post=70556"}],"version-history":[{"count":0,"href":"https:\/\/www.europesays.com\/fr\/wp-json\/wp\/v2\/posts\/70556\/revisions"}],"wp:featuredmedia":[{"embeddable":true,"href":"https:\/\/www.europesays.com\/fr\/wp-json\/wp\/v2\/media\/70557"}],"wp:attachment":[{"href":"https:\/\/www.europesays.com\/fr\/wp-json\/wp\/v2\/media?parent=70556"}],"wp:term":[{"taxonomy":"category","embeddable":true,"href":"https:\/\/www.europesays.com\/fr\/wp-json\/wp\/v2\/categories?post=70556"},{"taxonomy":"post_tag","embeddable":true,"href":"https:\/\/www.europesays.com\/fr\/wp-json\/wp\/v2\/tags?post=70556"}],"curies":[{"name":"wp","href":"https:\/\/api.w.org\/{rel}","templated":true}]}}