{"id":70579,"date":"2025-05-03T00:27:11","date_gmt":"2025-05-03T00:27:11","guid":{"rendered":"https:\/\/www.europesays.com\/fr\/70579\/"},"modified":"2025-05-03T00:27:11","modified_gmt":"2025-05-03T00:27:11","slug":"trump-veut-organiser-un-defile-militaire-le-jour-de-son-anniversaire","status":"publish","type":"post","link":"https:\/\/www.europesays.com\/fr\/70579\/","title":{"rendered":"Trump veut organiser un d\u00e9fil\u00e9 militaire\u2026 le jour de son anniversaire"},"content":{"rendered":"<p>C\u2019est un m\u00e9lange de faste, de strat\u00e9gie politique et d\u2019ambition personnelle. <a href=\"https:\/\/www.20minutes.fr\/dossier\/donald_trump\" target=\"_blank\" class=\"color-ultramarine c-link\" rel=\"nofollow noopener\">Donald Trump<\/a> souhaite organiser le 14\u00a0juin un gigantesque <a href=\"https:\/\/www.20minutes.fr\/dossier\/defile\" target=\"_blank\" class=\"color-ultramarine c-link\" rel=\"nofollow noopener\">d\u00e9fil\u00e9 militaire<\/a> \u00e0 Washington, c\u00e9l\u00e9brant \u00e0 la fois son 79e <a href=\"https:\/\/www.20minutes.fr\/dossier\/anniversaire\" target=\"_blank\" class=\"color-ultramarine c-link\" rel=\"nofollow noopener\">anniversaire<\/a> et les 250 ans de la cr\u00e9ation de l\u2019<a href=\"https:\/\/www.20minutes.fr\/dossier\/armee_americaine\" target=\"_blank\" class=\"color-ultramarine c-link\" rel=\"nofollow noopener\">arm\u00e9e de terre am\u00e9ricaine<\/a>. Ce projet, longtemps caress\u00e9 par l\u2019ancien pr\u00e9sident r\u00e9publicain, devrait devenir r\u00e9alit\u00e9 \u00e0 une date doublement symbolique.<\/p>\n<p>\u00ab\u00a0Nous allons organiser le plus grand et le plus beau d\u00e9fil\u00e9 militaire de notre histoire\u00a0\u00bb, promet <a href=\"https:\/\/www.20minutes.fr\/politique\/pete-hegseth\/\" target=\"_blank\" class=\"color-ultramarine c-link\" rel=\"nofollow noopener\">Pete Hegseth<\/a>, ministre de la D\u00e9fense dans l\u2019administration Trump. L\u2019\u00e9v\u00e9nement mobilisera 6.600 <a href=\"https:\/\/www.20minutes.fr\/monde\/soldat\/\" target=\"_blank\" class=\"color-ultramarine c-link\" rel=\"nofollow noopener\">soldats<\/a>, 150 v\u00e9hicules, 50 avions, un feu d\u2019artifice \u00ab\u00a0spectaculaire\u00a0\u00bb et des reconstitutions historiques allant de la guerre d\u2019Ind\u00e9pendance jusqu\u2019aux conflits en Irak et en Afghanistan. Selon <a href=\"https:\/\/www.20minutes.fr\/dossier\/fox_news\" target=\"_blank\" class=\"color-ultramarine c-link\" rel=\"nofollow noopener\">Fox News<\/a>, le National Mall servira de th\u00e9\u00e2tre \u00e0 une journ\u00e9e enti\u00e8re de c\u00e9l\u00e9brations, avec la participation de militaires en activit\u00e9 et d\u2019\u00e9l\u00e8ves des \u00e9coles militaires.<\/p>\n<\/p>\n<p>Inspir\u00e9 par le d\u00e9fil\u00e9 du 14-Juillet<\/p>\n<p>Donald Trump, amateur assum\u00e9 de d\u00e9monstrations de puissance, s\u2019inspire directement du <a href=\"https:\/\/www.20minutes.fr\/monde\/2095791-20170628-defile-14-juillet-donald-trump-accepte-invitation-emmanuel-macron\" target=\"_blank\" class=\"color-ultramarine c-link\" rel=\"nofollow noopener\">d\u00e9fil\u00e9 du 14-Juillet \u00e0 Paris, qu\u2019il avait admir\u00e9 en\u00a02017<\/a> en tant qu\u2019invit\u00e9 d\u2019Emmanuel Macron. Ce mod\u00e8le avait renforc\u00e9 son d\u00e9sir de voir les Etats-Unis renouer avec des parades militaires d\u2019envergure, \u00e0 l\u2019image de celle organis\u00e9e en\u00a01991 apr\u00e8s la guerre du Golfe, la derni\u00e8re du genre \u00e0 Washington.<\/p>\n<p><a href=\"https:\/\/www.20minutes.fr\/dossier\/donald_trump\" target=\"_blank\" class=\"c-link c-btn c-btn--primary\" rel=\"nofollow noopener\">Tous nos articles sur Donald Trump<\/a><\/p>\n<p>\u00ab\u00a0Il s\u2019agit de rendre hommage aux v\u00e9t\u00e9rans, aux soldats actuels et \u00e0 l\u2019histoire militaire am\u00e9ricaine\u00a0\u00bb, a pr\u00e9cis\u00e9 Anna Kelly, porte-parole adjointe de la Maison-Blanche. Plus t\u00f4t dans la journ\u00e9e, Donald Trump a \u00e9galement propos\u00e9 de r<a href=\"https:\/\/www.20minutes.fr\/monde\/etats-unis\/4151546-20250502-etats-unis-apres-golfe-amerique-trump-veut-rebaptiser-8-mai-11-novembre\" target=\"_blank\" class=\"color-ultramarine c-link\" rel=\"nofollow noopener\">ebaptiser le 8\u00a0mai et le 11\u00a0novembre<\/a> en \u00ab\u00a0Jours de la Victoire\u00a0\u00bb, en r\u00e9f\u00e9rence aux victoires alli\u00e9es lors des deux guerres mondiales.<\/p>\n","protected":false},"excerpt":{"rendered":"C\u2019est un m\u00e9lange de faste, de strat\u00e9gie politique et d\u2019ambition personnelle. Donald Trump souhaite organiser le 14\u00a0juin un&hellip;\n","protected":false},"author":2,"featured_media":70580,"comment_status":"","ping_status":"","sticky":false,"template":"","format":"standard","meta":{"footnotes":""},"categories":[1589],"tags":[47,11,3581,17274,16694,75,73,1866,74,12,1068,1864,1865,1863,308],"class_list":{"0":"post-70579","1":"post","2":"type-post","3":"status-publish","4":"format-standard","5":"has-post-thumbnail","7":"category-etats-unis","8":"tag-actualite","9":"tag-actualites","10":"tag-anniversaire","11":"tag-armee-americaine","12":"tag-defile","13":"tag-donald-trump","14":"tag-etats-unis","15":"tag-etats-unis-damerique","16":"tag-monde","17":"tag-news","18":"tag-pentagone","19":"tag-united-states","20":"tag-united-states-of-america","21":"tag-us","22":"tag-usa"},"share_on_mastodon":{"url":"https:\/\/pubeurope.com\/@fr\/114441070068685769","error":""},"_links":{"self":[{"href":"https:\/\/www.europesays.com\/fr\/wp-json\/wp\/v2\/posts\/70579","targetHints":{"allow":["GET"]}}],"collection":[{"href":"https:\/\/www.europesays.com\/fr\/wp-json\/wp\/v2\/posts"}],"about":[{"href":"https:\/\/www.europesays.com\/fr\/wp-json\/wp\/v2\/types\/post"}],"author":[{"embeddable":true,"href":"https:\/\/www.europesays.com\/fr\/wp-json\/wp\/v2\/users\/2"}],"replies":[{"embeddable":true,"href":"https:\/\/www.europesays.com\/fr\/wp-json\/wp\/v2\/comments?post=70579"}],"version-history":[{"count":0,"href":"https:\/\/www.europesays.com\/fr\/wp-json\/wp\/v2\/posts\/70579\/revisions"}],"wp:featuredmedia":[{"embeddable":true,"href":"https:\/\/www.europesays.com\/fr\/wp-json\/wp\/v2\/media\/70580"}],"wp:attachment":[{"href":"https:\/\/www.europesays.com\/fr\/wp-json\/wp\/v2\/media?parent=70579"}],"wp:term":[{"taxonomy":"category","embeddable":true,"href":"https:\/\/www.europesays.com\/fr\/wp-json\/wp\/v2\/categories?post=70579"},{"taxonomy":"post_tag","embeddable":true,"href":"https:\/\/www.europesays.com\/fr\/wp-json\/wp\/v2\/tags?post=70579"}],"curies":[{"name":"wp","href":"https:\/\/api.w.org\/{rel}","templated":true}]}}