{"id":706322,"date":"2026-02-02T13:22:11","date_gmt":"2026-02-02T13:22:11","guid":{"rendered":"https:\/\/www.europesays.com\/fr\/706322\/"},"modified":"2026-02-02T13:22:11","modified_gmt":"2026-02-02T13:22:11","slug":"la-russie-se-concentre-ses-frappes-sur-le-reseau-ferroviaire-assure-zelensky","status":"publish","type":"post","link":"https:\/\/www.europesays.com\/fr\/706322\/","title":{"rendered":"la Russie se concentre ses frappes sur le r\u00e9seau ferroviaire, assure Zelensky"},"content":{"rendered":"<p>\n    Le 27 janvier, des drones russes avaient vis\u00e9 un train r\u00e9gulier de voyageurs dans la r\u00e9gion de Kharkiv (nord-est). Au moins cinq passagers avaient \u00e9t\u00e9 tu\u00e9s, selon les autorit\u00e9s ukrainiennes. Lundi matin, la soci\u00e9t\u00e9 publique ferroviaire Ukrzaliznytsia a exhort\u00e9 les passagers \u00e0 privil\u00e9gier les bus.<\/p>\n<p class=\"fig-paragraph\">Les derni\u00e8res frappes russes se concentrent sur le r\u00e9seau ferroviaire ukrainien, a d\u00e9clar\u00e9 lundi le pr\u00e9sident\u00a0<a href=\"http:\/\/www.lefigaro.fr\/international\/guerre-en-ukraine-volodymyr-zelensky-affirme-etre-parvenu-a-un-accord-avec-donald-trump-sur-les-garanties-de-securite-20260122\" data-fig-type=\"NewsFlash\" data-gtm-custom-categorie=\"navigation\" data-gtm-custom-action=\"crossclick\" data-gtm-custom-label=\"Contextuel\" data-gtm-event=\"customEventSPE\" data-fig-domain=\"LEFIGARO\" rel=\"nofollow noopener\" target=\"_blank\">Volodymyr Zelensky<\/a>, alors que le pays, en plein hiver, traverse sa pire crise \u00e9nerg\u00e9tique apr\u00e8s une s\u00e9rie d&rsquo;attaques russes sur les sites li\u00e9s \u00e0 l&rsquo;\u00e9nergie. \u00abL&rsquo;arm\u00e9e russe, comme les jours pr\u00e9c\u00e9dents, concentre ses efforts sur la terreur contre notre logistique, avant tout le r\u00e9seau ferroviaire\u00bb, a d\u00e9clar\u00e9 Volodymyr Zelensky sur les r\u00e9seaux sociaux.<\/p>\n<p class=\"fig-paragraph\">Selon lui, ces attaques ont notamment touch\u00e9 les chemins de fer dans les r\u00e9gions voisines de Dnipropetrovsk (centre-est) et Zaporijjia (sud), qui sont parmi celles vis\u00e9es par une offensive de l&rsquo;arm\u00e9e russe. Alors que les frappes sur les\u00a0<a href=\"http:\/\/www.lefigaro.fr\/international\/ukraine-une-importante-attaque-russe-vise-les-infrastructures-energetiques-20251108\" data-fig-type=\"NewsFlash\" data-gtm-custom-categorie=\"navigation\" data-gtm-custom-action=\"crossclick\" data-gtm-custom-label=\"Contextuel\" data-gtm-event=\"customEventSPE\" data-fig-domain=\"LEFIGARO\" rel=\"nofollow noopener\" target=\"_blank\">infrastructures \u00e9nerg\u00e9tiques<\/a>\u00a0connaissent une accalmie depuis la semaine derni\u00e8re, la Russie, qui a lanc\u00e9 il y a quatre ans une invasion \u00e0 grande \u00e9chelle contre l&rsquo;Ukraine, multiplie depuis plusieurs jours celles contre le r\u00e9seau ferroviaire.<\/p>\n<p>                                            <a class=\"fig-a11y-skip\" href=\"#fig-a11y-skip-main-inarticle\" data-module=\"a11y-skip\" data-context=\"was @visible\"><br \/>\n    Passer la publicit\u00e9<br \/>\n<\/a>            <\/p>\n<p>                                            23.000 kilom\u00e8tres de voies<\/p>\n<p class=\"fig-paragraph\"><a href=\"https:\/\/video.lefigaro.fr\/figaro\/international\/guerre-en-ukraine-plusieurs-morts-dans-une-frappe-de-drone-russe-contre-un-train-de-passagers-20260128\" target=\"_blank\" data-fig-type=\"Video\" rel=\"sponsored noopener nofollow\" data-gtm-custom-categorie=\"navigation\" data-gtm-custom-action=\"crossclick\" data-gtm-custom-label=\"Contextuel\" data-gtm-event=\"customEventSPE\" data-fig-domain=\"LEFIGARO\">Le 27 janvier<\/a>, des drones russes avaient vis\u00e9 un train r\u00e9gulier de voyageurs dans la r\u00e9gion de Kharkiv (nord-est). Au moins cinq passagers avaient \u00e9t\u00e9 tu\u00e9s, selon les autorit\u00e9s ukrainiennes. Lundi matin, la soci\u00e9t\u00e9 publique ferroviaire Ukrzaliznytsia a averti que plusieurs de ses lignes dans l&rsquo;est devenaient de plus en plus \u00ab\u00e0 risque \u00e9lev\u00e9\u00bb, exhortant les passagers \u00e0 privil\u00e9gier les bus.<\/p>\n<p class=\"fig-paragraph\">Dans la r\u00e9gion de Soumy (nord-est), le groupe a indiqu\u00e9 surveiller les menaces de drones et pr\u00e9venu que les trains allaient s&rsquo;arr\u00eater pr\u00e8s d&rsquo;abris antibombes en cas de danger. \u00abIls attaquent tant le transport de marchandises que celle de passagers. C&rsquo;est de l&rsquo;intimidation. Ils vont frapper et nous allons nous d\u00e9fendre\u00bb, avait d\u00e9j\u00e0 lanc\u00e9 M. Zelensky lors d&rsquo;une rencontre avec des journalistes le 29 janvier.<\/p>\n<p class=\"fig-paragraph\">\u00abLe patron d&rsquo;Ukrzaliznytsia a pour t\u00e2che de d\u00e9fendre les stations, les n\u0153uds cl\u00e9s avec les militaires\u00bb, avait-il alors ajout\u00e9. Depuis le d\u00e9but de l&rsquo;invasion, le rail ukrainien &#8211; troisi\u00e8me d&rsquo;Europe avec 23.000 kilom\u00e8tres de voies, derri\u00e8re l&rsquo;Allemagne et la France &#8211; joue un r\u00f4le vital dans l&rsquo;\u00e9vacuation des civils, le transport des troupes et des marchandises. Avec la route, le train est aujourd&rsquo;hui le seul moyen d&rsquo;entrer ou de sortir du pays.<\/p>\n","protected":false},"excerpt":{"rendered":"Le 27 janvier, des drones russes avaient vis\u00e9 un train r\u00e9gulier de voyageurs dans la r\u00e9gion de Kharkiv&hellip;\n","protected":false},"author":2,"featured_media":706323,"comment_status":"","ping_status":"","sticky":false,"template":"","format":"standard","meta":{"footnotes":"","_share_on_mastodon":"0"},"categories":[1590],"tags":[11,834,1777,674,12,132,6917,220],"class_list":["post-706322","post","type-post","status-publish","format-standard","has-post-thumbnail","category-ukraine","tag-actualites","tag-attaque","tag-eu","tag-europe","tag-news","tag-russie","tag-transport-ferroviaire","tag-ukraine"],"share_on_mastodon":{"url":"https:\/\/pubeurope.com\/@fr\/116001252680912380","error":""},"_links":{"self":[{"href":"https:\/\/www.europesays.com\/fr\/wp-json\/wp\/v2\/posts\/706322","targetHints":{"allow":["GET"]}}],"collection":[{"href":"https:\/\/www.europesays.com\/fr\/wp-json\/wp\/v2\/posts"}],"about":[{"href":"https:\/\/www.europesays.com\/fr\/wp-json\/wp\/v2\/types\/post"}],"author":[{"embeddable":true,"href":"https:\/\/www.europesays.com\/fr\/wp-json\/wp\/v2\/users\/2"}],"replies":[{"embeddable":true,"href":"https:\/\/www.europesays.com\/fr\/wp-json\/wp\/v2\/comments?post=706322"}],"version-history":[{"count":0,"href":"https:\/\/www.europesays.com\/fr\/wp-json\/wp\/v2\/posts\/706322\/revisions"}],"wp:featuredmedia":[{"embeddable":true,"href":"https:\/\/www.europesays.com\/fr\/wp-json\/wp\/v2\/media\/706323"}],"wp:attachment":[{"href":"https:\/\/www.europesays.com\/fr\/wp-json\/wp\/v2\/media?parent=706322"}],"wp:term":[{"taxonomy":"category","embeddable":true,"href":"https:\/\/www.europesays.com\/fr\/wp-json\/wp\/v2\/categories?post=706322"},{"taxonomy":"post_tag","embeddable":true,"href":"https:\/\/www.europesays.com\/fr\/wp-json\/wp\/v2\/tags?post=706322"}],"curies":[{"name":"wp","href":"https:\/\/api.w.org\/{rel}","templated":true}]}}