{"id":706550,"date":"2026-02-02T15:36:15","date_gmt":"2026-02-02T15:36:15","guid":{"rendered":"https:\/\/www.europesays.com\/fr\/706550\/"},"modified":"2026-02-02T15:36:15","modified_gmt":"2026-02-02T15:36:15","slug":"ecole-saint-dominique-a-paris-un-directeur-du-periscolaire-suspendu-apres-des-soupcons-dagression-sexuelle","status":"publish","type":"post","link":"https:\/\/www.europesays.com\/fr\/706550\/","title":{"rendered":"Ecole Saint-Dominique \u00e0 Paris : Un directeur du p\u00e9riscolaire suspendu apr\u00e8s des soup\u00e7ons d\u2019agression sexuelle"},"content":{"rendered":"<p class=\"mb-4 text-lg md:leading-8 break-words\"><strong>Info \u00ab\u00a020 Minutes\u00a0\u00bb &#8211; D\u2019apr\u00e8s nos informations, l\u2019animateur a \u00e9t\u00e9 suspendu d\u00e9but mai\u00a02025, soit peu de temps avant le tournage de l\u2019\u00e9mission de \u00ab\u00a0Cash Investigation\u00a0\u00bb<\/strong><\/p>\n<p class=\"mb-4 text-lg md:leading-8 break-words\">Depuis la diffusion de Cash investigation jeudi soir, c\u2019est l\u2019\u00e9motion \u00e0 l\u2019\u00e9cole Saint-Dominique. Apr\u00e8s l\u2019\u00e9mission du magazine d\u2019enqu\u00eate, <a href=\"https:\/\/www.20minutes.fr\/societe\/4198866-20260130-apres-cash-investigation-periscolaire-ministre-saisit-justice?at_medium=RSS%20feed&amp;at_campaign=ynews&amp;utm_source=yahoo&amp;utm_medium=rss&amp;utm_campaign=news_feed&amp;utm_content=in_article_link\" rel=\"nofollow noopener\" target=\"_blank\" data-ylk=\"slk:qui a d\u00e9voil\u00e9 des sc\u00e8nes de violence dans cette \u00e9cole du 7e\u00a0arrondissement de Paris;elm:context_link;itc:0;sec:content-canvas\" class=\"link \">qui a d\u00e9voil\u00e9 des sc\u00e8nes de violence dans cette \u00e9cole du 7e\u00a0arrondissement de Paris<\/a>, voici qu\u2019une nouvelle affaire \u00e9clate. D\u2019apr\u00e8s les informations de 20 Minutes, un animateur, qui occupait les fonctions de directeur du p\u00e9riscolaire, a \u00e9t\u00e9 suspendu d\u00e9but mai. La suspension de l\u2019agent est intervenue le 6\u00a0mai 2025, apr\u00e8s une alerte effectu\u00e9e le 5\u00a0mai par les parents d\u2019une petite fille, nous confirme la Mairie de <a href=\"https:\/\/www.20minutes.fr\/paris\/?at_medium=RSS%20feed&amp;at_campaign=ynews&amp;utm_source=yahoo&amp;utm_medium=rss&amp;utm_campaign=news_feed&amp;utm_content=in_article_link\" rel=\"nofollow noopener\" target=\"_blank\" data-ylk=\"slk:Paris.;elm:context_link;itc:0;sec:content-canvas\" class=\"link \">Paris.<\/a><\/p>\n<p class=\"mb-4 text-lg md:leading-8 break-words\">L\u2019information a d\u2019abord \u00e9t\u00e9 l\u00e2ch\u00e9e par plusieurs personnes pr\u00e9sentes lors d\u2019une r\u00e9union organis\u00e9e vendredi matin par la mairie du 7e, en pr\u00e9sence de nombreux parents. <a href=\"https:\/\/www.20minutes.fr\/societe\/4198995-20260130-cash-investigation-parents-ecole-saint-dominique-degoutes-expliquent-avoir-alerte-violences?at_medium=RSS%20feed&amp;at_campaign=ynews&amp;utm_source=yahoo&amp;utm_medium=rss&amp;utm_campaign=news_feed&amp;utm_content=in_article_link\" rel=\"nofollow noopener\" target=\"_blank\" data-ylk=\"slk:D\u00e9j\u00e0 choqu\u00e9s par les images diffus\u00e9es par le magazine d\u2019\u00c9lise Lucet,;elm:context_link;itc:0;sec:content-canvas\" class=\"link \">D\u00e9j\u00e0 choqu\u00e9s par les images diffus\u00e9es par le magazine d\u2019\u00c9lise Lucet,<\/a> ces parents ont donc appris de la bouche d\u2019autres parents pr\u00e9sents l\u2019existence de cette autre affaire concernant leur \u00e9cole, cette fois d\u2019agression sexuelle.<\/p>\n<p class=\"mb-4 text-lg md:leading-8 break-words\">La Mairie de Paris a annonc\u00e9 aux parents une pr\u00e9sence renforc\u00e9e au sein de l\u2019\u00e9cole ce lundi, avec la pr\u00e9sence d\u2019une cadre socio-\u00e9ducative et \u00e9ducatrice de jeunes enfants. Elle a par ailleurs propos\u00e9 \u00ab\u00a0des temps d\u2019\u00e9change et d\u2019information autour de l\u2019accompagnement des enfants confront\u00e9s \u00e0 des situations potentiellement traumatiques\u00a0\u00bb.<\/p>\n<p class=\"mb-4 text-lg md:leading-8 break-words\">Une r\u00e9union doit avoir lieu dans la soir\u00e9e \u00e0 l\u2019\u00e9cole Saint-Dominique en pr\u00e9sence d\u2019un sp\u00e9cialiste de psychopathologie clinique et d\u2019une experte des violences sexuelles, ainsi que du personnel de la Protection (&#8230;)<\/p>\n<p class=\"mb-4 text-lg md:leading-8 break-words\"><a href=\"https:\/\/www.20minutes.fr\/societe\/4199344-20260202-ecole-saint-dominique-paris-directeur-periscolaire-suspendu-apres-soupcons-agression-sexuelle?at_medium=RSS%20feed&amp;at_campaign=ynews&amp;utm_source=yahoo&amp;utm_medium=rss&amp;utm_campaign=news_feed&amp;utm_content=read_more_link&quot;\" rel=\"nofollow noopener\" target=\"_blank\" data-ylk=\"slk:Lire la suite sur 20minutes;elm:context_link;itc:0;sec:content-canvas\" class=\"link \">Lire la suite sur 20minutes<\/a><\/p>\n<p>\u00c0 lire aussi :<br \/><a href=\"https:\/\/www.20minutes.fr\/faits_divers\/faits-divers-paris\/4174086-20250919-paris-animateur-ecole-maternelle-suspendu-apres-soupcons-agression-sexuelle?at_medium=RSS%20feed&amp;at_campaign=ynews&amp;utm_source=yahoo&amp;utm_medium=rss&amp;utm_campaign=news_feed&amp;utm_content=related_content_link\" rel=\"nofollow noopener\" target=\"_blank\" data-ylk=\"slk:Paris\u00a0: Un animateur d\u2019une \u00e9cole maternelle suspendu apr\u00e8s des soup\u00e7ons d\u2019agression sexuelle;elm:context_link;itc:0;sec:content-canvas\" class=\"link \">Paris\u00a0: Un animateur d\u2019une \u00e9cole maternelle suspendu apr\u00e8s des soup\u00e7ons d\u2019agression sexuelle <\/a><br \/><a href=\"https:\/\/www.20minutes.fr\/societe\/4198995-20260130-cash-investigation-parents-ecole-saint-dominique-degoutes-expliquent-avoir-alerte-violences?at_medium=RSS%20feed&amp;at_campaign=ynews&amp;utm_source=yahoo&amp;utm_medium=rss&amp;utm_campaign=news_feed&amp;utm_content=related_content_link\" rel=\"nofollow noopener\" target=\"_blank\" data-ylk=\"slk:\u00ab\u00a0Cash investigation\u00a0\u00bb\u00a0: Des parents de l\u2019\u00e9cole Saint-Dominique, \u00ab\u00a0d\u00e9go\u00fbt\u00e9s\u00a0\u00bb, expliquent avoir alert\u00e9 sur des violences;elm:context_link;itc:0;sec:content-canvas\" class=\"link \">\u00ab\u00a0Cash investigation\u00a0\u00bb\u00a0: Des parents de l\u2019\u00e9cole Saint-Dominique, \u00ab\u00a0d\u00e9go\u00fbt\u00e9s\u00a0\u00bb, expliquent avoir alert\u00e9 sur des violences<\/a><\/p>\n","protected":false},"excerpt":{"rendered":"Info \u00ab\u00a020 Minutes\u00a0\u00bb &#8211; D\u2019apr\u00e8s nos informations, l\u2019animateur a \u00e9t\u00e9 suspendu d\u00e9but mai\u00a02025, soit peu de temps avant&hellip;\n","protected":false},"author":2,"featured_media":706551,"comment_status":"","ping_status":"","sticky":false,"template":"","format":"standard","meta":{"footnotes":"","_share_on_mastodon":"0"},"categories":[1888],"tags":[22794,1111,1928,11,1927,79318,79952,1777,674,61726,1011,27,4112,12,1926,626,1925,25],"class_list":["post-706550","post","type-post","status-publish","format-standard","has-post-thumbnail","category-paris","tag-7e-arrondissement-de-paris","tag-actu","tag-actu-paris","tag-actualites","tag-actualites-paris","tag-cash-investigation","tag-educatrice-de-jeunes-enfants","tag-eu","tag-europe","tag-fonctions-de-directeur","tag-fr","tag-france","tag-lecole","tag-news","tag-news-paris","tag-paris","tag-paris-news","tag-republique-francaise"],"share_on_mastodon":{"url":"https:\/\/pubeurope.com\/@fr\/116001779506474427","error":""},"_links":{"self":[{"href":"https:\/\/www.europesays.com\/fr\/wp-json\/wp\/v2\/posts\/706550","targetHints":{"allow":["GET"]}}],"collection":[{"href":"https:\/\/www.europesays.com\/fr\/wp-json\/wp\/v2\/posts"}],"about":[{"href":"https:\/\/www.europesays.com\/fr\/wp-json\/wp\/v2\/types\/post"}],"author":[{"embeddable":true,"href":"https:\/\/www.europesays.com\/fr\/wp-json\/wp\/v2\/users\/2"}],"replies":[{"embeddable":true,"href":"https:\/\/www.europesays.com\/fr\/wp-json\/wp\/v2\/comments?post=706550"}],"version-history":[{"count":0,"href":"https:\/\/www.europesays.com\/fr\/wp-json\/wp\/v2\/posts\/706550\/revisions"}],"wp:featuredmedia":[{"embeddable":true,"href":"https:\/\/www.europesays.com\/fr\/wp-json\/wp\/v2\/media\/706551"}],"wp:attachment":[{"href":"https:\/\/www.europesays.com\/fr\/wp-json\/wp\/v2\/media?parent=706550"}],"wp:term":[{"taxonomy":"category","embeddable":true,"href":"https:\/\/www.europesays.com\/fr\/wp-json\/wp\/v2\/categories?post=706550"},{"taxonomy":"post_tag","embeddable":true,"href":"https:\/\/www.europesays.com\/fr\/wp-json\/wp\/v2\/tags?post=706550"}],"curies":[{"name":"wp","href":"https:\/\/api.w.org\/{rel}","templated":true}]}}