{"id":706580,"date":"2026-02-02T15:56:10","date_gmt":"2026-02-02T15:56:10","guid":{"rendered":"https:\/\/www.europesays.com\/fr\/706580\/"},"modified":"2026-02-02T15:56:10","modified_gmt":"2026-02-02T15:56:10","slug":"record-de-france-pour-les-poursuiteurs-actualite","status":"publish","type":"post","link":"https:\/\/www.europesays.com\/fr\/706580\/","title":{"rendered":"Record de France pour les poursuiteurs &#8211; Actualit\u00e9"},"content":{"rendered":"<p>Les poursuiteurs de l&rsquo;\u00e9quipe de France ont am\u00e9lior\u00e9 ce lundi midi le record de France des 4 km en poursuite par \u00e9quipes. Au 1er tour du Championnat d&rsquo;Europe, Valentin Tabellion, Oscar Nilsson-Julien, Mathieu Dup\u00e9 et Ellande Larronde ont couvert la distance en 3&rsquo;44&Prime;889.<\/p>\n<p>C&rsquo;est donc mieux que l&rsquo;ancien record qui datait <a href=\"https:\/\/www.directvelo.com\/actualite\/114687\/les-poursuiteurs-francais-battent-leur-record-de-france\" target=\"_blank\" rel=\"noopener nofollow\"><strong>des Jeux de Paris 2024 avec un temps de 3&rsquo;45&Prime;514<\/strong><\/a>. Avec cette performance, les poursuiteurs fran\u00e7ais se sont qualifi\u00e9s pour la petite finale o\u00f9 ils affronteront, ce lundi, la Grande-Bretagne.<\/p>\n","protected":false},"excerpt":{"rendered":"Les poursuiteurs de l&rsquo;\u00e9quipe de France ont am\u00e9lior\u00e9 ce lundi midi le record de France des 4 km&hellip;\n","protected":false},"author":2,"featured_media":706581,"comment_status":"","ping_status":"","sticky":false,"template":"","format":"standard","meta":{"footnotes":"","_share_on_mastodon":"0"},"categories":[1411],"tags":[834,828,836,829,837,827,83,826,824,823,1154,207,814,817,815,816,822,821,832,211,839,1011,27,820,818,819,835,831,830,833,838,60,212,208,825],"class_list":["post-706580","post","type-post","status-publish","format-standard","has-post-thumbnail","category-cyclisme","tag-attaque","tag-belgique","tag-braquet","tag-bretagne","tag-chute","tag-competition","tag-coupe-de-france","tag-coureur","tag-course-cyclisme","tag-course-cycliste","tag-cycling","tag-cyclisme","tag-direct","tag-direct-velo","tag-directvelo","tag-directvelo-com","tag-epreuve","tag-epreuve-cycliste","tag-federation-francaise-de-cyclisme","tag-ffc","tag-flandres","tag-fr","tag-france","tag-live","tag-live-course","tag-live-epreuve","tag-peloton","tag-radio-peloton","tag-radio-tour","tag-ravitaillement","tag-relance","tag-sports","tag-uci","tag-velo","tag-velos"],"share_on_mastodon":{"url":"https:\/\/pubeurope.com\/@fr\/116001858139444787","error":""},"_links":{"self":[{"href":"https:\/\/www.europesays.com\/fr\/wp-json\/wp\/v2\/posts\/706580","targetHints":{"allow":["GET"]}}],"collection":[{"href":"https:\/\/www.europesays.com\/fr\/wp-json\/wp\/v2\/posts"}],"about":[{"href":"https:\/\/www.europesays.com\/fr\/wp-json\/wp\/v2\/types\/post"}],"author":[{"embeddable":true,"href":"https:\/\/www.europesays.com\/fr\/wp-json\/wp\/v2\/users\/2"}],"replies":[{"embeddable":true,"href":"https:\/\/www.europesays.com\/fr\/wp-json\/wp\/v2\/comments?post=706580"}],"version-history":[{"count":0,"href":"https:\/\/www.europesays.com\/fr\/wp-json\/wp\/v2\/posts\/706580\/revisions"}],"wp:featuredmedia":[{"embeddable":true,"href":"https:\/\/www.europesays.com\/fr\/wp-json\/wp\/v2\/media\/706581"}],"wp:attachment":[{"href":"https:\/\/www.europesays.com\/fr\/wp-json\/wp\/v2\/media?parent=706580"}],"wp:term":[{"taxonomy":"category","embeddable":true,"href":"https:\/\/www.europesays.com\/fr\/wp-json\/wp\/v2\/categories?post=706580"},{"taxonomy":"post_tag","embeddable":true,"href":"https:\/\/www.europesays.com\/fr\/wp-json\/wp\/v2\/tags?post=706580"}],"curies":[{"name":"wp","href":"https:\/\/api.w.org\/{rel}","templated":true}]}}