{"id":70662,"date":"2025-05-03T01:19:09","date_gmt":"2025-05-03T01:19:09","guid":{"rendered":"https:\/\/www.europesays.com\/fr\/70662\/"},"modified":"2025-05-03T01:19:09","modified_gmt":"2025-05-03T01:19:09","slug":"previsions-du-samedi-3-mai-2025-9","status":"publish","type":"post","link":"https:\/\/www.europesays.com\/fr\/70662\/","title":{"rendered":"pr\u00e9visions du samedi 3 mai 2025"},"content":{"rendered":"<p>Le soleil sera au rendez-vous \u00e0 Bordeaux : une magnifique journ\u00e9e se profile ! Les maximales pourront atteindre 26\u00b0C tandis que les minimales seront de 13\u00b0C. Un vent de sud-est soufflera un peu, avec 10 km\/h dans la matin\u00e9e. Les temp\u00e9ratures vont monter pendant l&rsquo;apr\u00e8s-midi de quelques degr\u00e9s. Les valeurs seront comprises entre 22 et 26\u00b0C. On s&rsquo;attend \u00e0 une nuit claire entre samedi et dimanche.<\/p>\n<p>Demain, une chute du mercure est \u00e0 pr\u00e9voir \u00e0 Bordeaux. Il fera 16\u00b0C en moyenne. Un l\u00e9ger vent de nord-ouest sera ressenti par les habitants. Des \u00e9claircies feront leur apparition dans la matin\u00e9e. Les temp\u00e9ratures seront de 18\u00b0C. Les nuages seront visibles demain apr\u00e8s-midi. Des orages \u00e9clateront. Les temp\u00e9ratures seront de 18\u00b0C au minimum et de 21\u00b0C au maximum. Il sera compliqu\u00e9 de rester au sec car de la pluie est annonc\u00e9e dans la soir\u00e9e.<\/p>\n<p>Les conditions m\u00e9t\u00e9orologiques des jours qui suivent vont changer progressivement. La m\u00e9t\u00e9o se maintiendra lundi mais une d\u00e9gradation s&rsquo;ensuivra mardi.<\/p>\n<p><\/p>\n","protected":false},"excerpt":{"rendered":"Le soleil sera au rendez-vous \u00e0 Bordeaux : une magnifique journ\u00e9e se profile ! Les maximales pourront atteindre&hellip;\n","protected":false},"author":2,"featured_media":70663,"comment_status":"","ping_status":"","sticky":false,"template":"","format":"standard","meta":{"footnotes":""},"categories":[2817],"tags":[1111,11,3177,1997,1777,674,1011,27,2905,12,2219,2119,25],"class_list":{"0":"post-70662","1":"post","2":"type-post","3":"status-publish","4":"format-standard","5":"has-post-thumbnail","7":"category-bordeaux","8":"tag-actu","9":"tag-actualites","10":"tag-aquitaine","11":"tag-bordeaux","12":"tag-eu","13":"tag-europe","14":"tag-fr","15":"tag-france","16":"tag-gironde","17":"tag-news","18":"tag-nouvelle-aquitaine","19":"tag-previsions-meteo","20":"tag-republique-francaise"},"share_on_mastodon":{"url":"https:\/\/pubeurope.com\/@fr\/114441274282057668","error":""},"_links":{"self":[{"href":"https:\/\/www.europesays.com\/fr\/wp-json\/wp\/v2\/posts\/70662","targetHints":{"allow":["GET"]}}],"collection":[{"href":"https:\/\/www.europesays.com\/fr\/wp-json\/wp\/v2\/posts"}],"about":[{"href":"https:\/\/www.europesays.com\/fr\/wp-json\/wp\/v2\/types\/post"}],"author":[{"embeddable":true,"href":"https:\/\/www.europesays.com\/fr\/wp-json\/wp\/v2\/users\/2"}],"replies":[{"embeddable":true,"href":"https:\/\/www.europesays.com\/fr\/wp-json\/wp\/v2\/comments?post=70662"}],"version-history":[{"count":0,"href":"https:\/\/www.europesays.com\/fr\/wp-json\/wp\/v2\/posts\/70662\/revisions"}],"wp:featuredmedia":[{"embeddable":true,"href":"https:\/\/www.europesays.com\/fr\/wp-json\/wp\/v2\/media\/70663"}],"wp:attachment":[{"href":"https:\/\/www.europesays.com\/fr\/wp-json\/wp\/v2\/media?parent=70662"}],"wp:term":[{"taxonomy":"category","embeddable":true,"href":"https:\/\/www.europesays.com\/fr\/wp-json\/wp\/v2\/categories?post=70662"},{"taxonomy":"post_tag","embeddable":true,"href":"https:\/\/www.europesays.com\/fr\/wp-json\/wp\/v2\/tags?post=70662"}],"curies":[{"name":"wp","href":"https:\/\/api.w.org\/{rel}","templated":true}]}}