{"id":706630,"date":"2026-02-02T16:23:19","date_gmt":"2026-02-02T16:23:19","guid":{"rendered":"https:\/\/www.europesays.com\/fr\/706630\/"},"modified":"2026-02-02T16:23:19","modified_gmt":"2026-02-02T16:23:19","slug":"football-mercato-lancien-ruthenois-ugo-bonnet-de-retour-en-ligue-2-avec-grenoble","status":"publish","type":"post","link":"https:\/\/www.europesays.com\/fr\/706630\/","title":{"rendered":"Football \u2013 mercato\u00a0: l\u2019ancien Ruth\u00e9nois Ugo Bonnet de retour en Ligue 2 avec Grenoble"},"content":{"rendered":"<p>\n                                                                L\u2019attaquant de 32 ans s\u2019est engag\u00e9 avec le club is\u00e9rois apr\u00e8s avoir pass\u00e9 un an et demi en Serbie.\n                            <\/p>\n<p>Encore un ancien Ruth\u00e9nois \u00e0 Grenoble\u00a0! En plus de Stone Mambo et Loris Mouyokolo, mais aussi de l\u2019entra\u00eeneur Franck Rizzetto et du dirigeant Max Marty, la colonie d\u2019ex sang et or du GF 38 s\u2019agrandit. Le club is\u00e9rois a annonc\u00e9 lundi 2\u00a0f\u00e9vrier l\u2019arriv\u00e9e de l\u2019attaquant Ugo Bonnet. La dur\u00e9e de son contrat n\u2019a pas \u00e9t\u00e9 pr\u00e9cis\u00e9e.<\/p>\n<p>Le natif de Montpellier, \u00e2g\u00e9 de 32 ans, a \u00e9t\u00e9 l\u2019une des figures marquantes de Rodez sous l\u2019\u00e8re Laurent Peyrelade, marqu\u00e9e par la mont\u00e9e en National en 2017, celle en Ligue 2 en 2019 et les premiers maintiens dans cette division professionnelle. Il cumule 197 apparitions pour 40 buts sous le maillot sang et or, entre\u00a02014 et\u00a02022.<\/p>\n<p>Ugo Bonnet va conna\u00eetre \u00e0 Grenoble son quatri\u00e8me club en Ligue 2, lui qui avait aussi \u00e9volu\u00e9 \u00e0 Valenciennes et Guingamp apr\u00e8s son d\u00e9part d\u2019Aveyron. Depuis un an et demi, il jouait au FK IMT Belgrade, en premi\u00e8re division serbe.<\/p>\n","protected":false},"excerpt":{"rendered":"L\u2019attaquant de 32 ans s\u2019est engag\u00e9 avec le club is\u00e9rois apr\u00e8s avoir pass\u00e9 un an et demi en&hellip;\n","protected":false},"author":2,"featured_media":706631,"comment_status":"","ping_status":"","sticky":false,"template":"","format":"standard","meta":{"footnotes":"","_share_on_mastodon":"0"},"categories":[9566],"tags":[1111,11,2430,18483,1777,674,63,1011,27,2731,446,12,25,26119,517],"class_list":["post-706630","post","type-post","status-publish","format-standard","has-post-thumbnail","category-grenoble","tag-actu","tag-actualites","tag-auvergne-rhone-alpes","tag-aveyron","tag-eu","tag-europe","tag-football","tag-fr","tag-france","tag-grenoble","tag-ligue-2","tag-news","tag-republique-francaise","tag-rodez","tag-sport"],"share_on_mastodon":{"url":"https:\/\/pubeurope.com\/@fr\/116001964335657502","error":""},"_links":{"self":[{"href":"https:\/\/www.europesays.com\/fr\/wp-json\/wp\/v2\/posts\/706630","targetHints":{"allow":["GET"]}}],"collection":[{"href":"https:\/\/www.europesays.com\/fr\/wp-json\/wp\/v2\/posts"}],"about":[{"href":"https:\/\/www.europesays.com\/fr\/wp-json\/wp\/v2\/types\/post"}],"author":[{"embeddable":true,"href":"https:\/\/www.europesays.com\/fr\/wp-json\/wp\/v2\/users\/2"}],"replies":[{"embeddable":true,"href":"https:\/\/www.europesays.com\/fr\/wp-json\/wp\/v2\/comments?post=706630"}],"version-history":[{"count":0,"href":"https:\/\/www.europesays.com\/fr\/wp-json\/wp\/v2\/posts\/706630\/revisions"}],"wp:featuredmedia":[{"embeddable":true,"href":"https:\/\/www.europesays.com\/fr\/wp-json\/wp\/v2\/media\/706631"}],"wp:attachment":[{"href":"https:\/\/www.europesays.com\/fr\/wp-json\/wp\/v2\/media?parent=706630"}],"wp:term":[{"taxonomy":"category","embeddable":true,"href":"https:\/\/www.europesays.com\/fr\/wp-json\/wp\/v2\/categories?post=706630"},{"taxonomy":"post_tag","embeddable":true,"href":"https:\/\/www.europesays.com\/fr\/wp-json\/wp\/v2\/tags?post=706630"}],"curies":[{"name":"wp","href":"https:\/\/api.w.org\/{rel}","templated":true}]}}