{"id":706632,"date":"2026-02-02T16:24:11","date_gmt":"2026-02-02T16:24:11","guid":{"rendered":"https:\/\/www.europesays.com\/fr\/706632\/"},"modified":"2026-02-02T16:24:11","modified_gmt":"2026-02-02T16:24:11","slug":"cest-bien-quun-jeune-prenne-ma-place-a-rennes-pourquoi-ces-elus-de-la-majorite-ont-decide-de-raccrocher","status":"publish","type":"post","link":"https:\/\/www.europesays.com\/fr\/706632\/","title":{"rendered":"\u00ab\u00a0C\u2019est bien qu\u2019un jeune prenne ma place\u00a0\u00bb\u00a0: \u00e0 Rennes, pourquoi ces \u00e9lus de la majorit\u00e9 ont d\u00e9cid\u00e9 de raccrocher"},"content":{"rendered":"<p>Ce lundi 2 f\u00e9vrier 2026 sur les coups de 20 h, Nathalie App\u00e9r\u00e9, maire de Rennes et pr\u00e9sidente de Rennes m\u00e9tropole, lancera officiellement sa campagne pour un troisi\u00e8me mandat. Pour son premier meeting, \u00e0 L\u2019\u00c9tage, la grande favorite du prochain scrutin (15-22 mars) devrait d\u00e9voiler les premi\u00e8res mesures de son programme, mais aussi le casting de sa liste.<\/p>\n<p>\u00ab Quand j\u2019ai d\u00e9but\u00e9, je m\u2019\u00e9tais dit que j\u2019arr\u00eaterai \u00e0 60 ans \u00bb<\/p>\n<p>Un casting qui donnera de la place \u00e0 l\u2019ensemble des <a href=\"https:\/\/www.letelegramme.fr\/ille-et-vilaine\/rennes-35000\/le-moment-venu-je-serai-candidate-la-maire-de-rennes-nathalie-appere-ne-lance-pas-encore-sa-campagne-mais-6932148.php\" target=\"_blank\" rel=\"nofollow noopener\">12 formations de gauche<\/a> (<a href=\"https:\/\/www.letelegramme.fr\/ille-et-vilaine\/rennes-35000\/nous-sommes-le-premier-mouvement-populaire-a-rennes-marie-mesmeur-candidate-des-insoumis-aux-municipales-2026-6933159.php\" target=\"_blank\" rel=\"nofollow noopener\">sans LFI<\/a>) qui l\u2019ont rejointe d\u00e8s le premier tour. Et dont ne feront pas partie certains \u00e9lus de l\u2019actuelle majorit\u00e9 de Nathalie App\u00e9r\u00e9. Figure du Parti socialiste rennais, dont il a \u00e9t\u00e9 le premier secr\u00e9taire f\u00e9d\u00e9ral d\u00e9partemental de 2003 \u00e0 2012, et \u00e9lu au conseil municipal depuis 2001, Fr\u00e9d\u00e9ric Bourcier a \u00e9t\u00e9 conseiller municipal durant quatre mandats, sous trois maires diff\u00e9rents (Edmond Herv\u00e9, Daniel Delaveau et Nathalie App\u00e9r\u00e9). Apr\u00e8s 25 ans \u00e0 la mairie, il a d\u00e9cid\u00e9 de raccrocher \u00e0 l\u2019issue de ce mandat o\u00f9 il a offici\u00e9 comme conseiller municipal d\u00e9l\u00e9gu\u00e9 aux sports. \u00ab Quand j\u2019ai d\u00e9but\u00e9, je m\u2019\u00e9tais dit que j\u2019arr\u00eaterai \u00e0 60 ans, je les ai eus le 2 janvier dernier \u00bb.<\/p>\n<p>Surtout, apr\u00e8s quatre mandats, il souhaite faire de la place pour les autres formations politiques qui composent l\u2019alliance de gauche autour de la maire sortante. \u00ab Cette union \u00e0 12 formations de gauche repr\u00e9sente, selon moi, la meilleure configuration possible. Il faut donc de la place pour tout le monde. Si les gens comme moi qui ont fait quatre mandats ne laissent pas la place, qui le fera ? \u00bb Pr\u00e9sent sur la liste \u00e0 venir de l\u2019\u00e9dile, \u00ab mais en position non \u00e9ligible \u00bb, il m\u00e8nera campagne pour faire r\u00e9\u00e9lire la liste de gauche, au pouvoir \u00e0 Rennes depuis 1977. Puis, il reviendra \u00e0 sa vie \u00ab de simple militant \u00bb, et s\u2019investira dans d\u2019autres projets, notamment au S\u00e9n\u00e9gal o\u00f9 il va int\u00e9grer le bureau d\u2019un club de basket-ball de la ville de Thi\u00e8s.<\/p>\n<p>\u00ab Il est sain qu\u2019un renouvellement s\u2019op\u00e8re \u00bb<\/p>\n<p>Une autre figure de la deuxi\u00e8me mandature de Nathalie App\u00e9r\u00e9 a, lui aussi, v\u00e9cu son dernier conseil municipal, lundi 26 janvier, Beno\u00eet Careil, son adjoint \u00e0 la culture depuis 2014. Pr\u00e9sent sur sa liste, mais lui aussi en position non \u00e9ligible, le militant \u00e9cologiste ne rempilera pas pour un troisi\u00e8me mandat. \u00ab J\u2019estime qu\u2019il est sain qu\u2019un renouvellement s\u2019op\u00e8re pour le pilotage de la politique culturelle \u00e0 Rennes. J\u2019ai 64 ans et c\u2019est bien qu\u2019un jeune prenne ma place \u00bb. La retraite n\u2019est pourtant pas \u00e0 l\u2019ordre du jour. Beno\u00eet Careil interviendra d\u00e9sormais \u00e0 l\u2019universit\u00e9 Rennes 2, pour le Master Culture et communication, mais aussi \u00e0 l\u2019UBO (Universit\u00e9 de Bretagne occidentale) et \u00e0 Science Po Rennes. \u00ab Une autre aventure qui me permettra de transmettre aux nouvelles g\u00e9n\u00e9rations qui seront amen\u00e9s \u00e0 travailler dans le milieu culturel \u00bb.<\/p>\n<p>Trois autres \u00e9lus de la majorit\u00e9 ont d\u2019ores et d\u00e9j\u00e0 d\u00e9cid\u00e9 de dire stop : la benjamine de l\u2019assembl\u00e9e municipale, l\u2019adjointe \u00e0 la Jeunesse Iris Bouchonnet (PCF, un mandat), 23 ans en 2020, mais aussi Daniel Guillotin (groupe socialiste) et Jean-Marie Goater (Les \u00c9cologistes), tous les deux apr\u00e8s trois mandats. \u00ab Je ne voulais pas aller au-del\u00e0 de trois mandats, cela me tenait \u00e0 c\u0153ur dans une logique de non-professionnalisation des \u00e9lus \u00bb, estime Jean-Marie Goater. S\u2019ils ne seront pas pr\u00e9sents sur la liste qui devrait \u00eatre d\u00e9voil\u00e9e ce lundi soir, ils figureront dans le comit\u00e9 de soutien de la maire sortante.<\/p>\n","protected":false},"excerpt":{"rendered":"Ce lundi 2 f\u00e9vrier 2026 sur les coups de 20 h, Nathalie App\u00e9r\u00e9, maire de Rennes et pr\u00e9sidente&hellip;\n","protected":false},"author":2,"featured_media":706633,"comment_status":"","ping_status":"","sticky":false,"template":"","format":"standard","meta":{"footnotes":"","_share_on_mastodon":"0"},"categories":[2821],"tags":[1111,11,829,1777,674,1011,27,848,26053,12,3364,584,25],"class_list":["post-706632","post","type-post","status-publish","format-standard","has-post-thumbnail","category-rennes","tag-actu","tag-actualites","tag-bretagne","tag-eu","tag-europe","tag-fr","tag-france","tag-ille-et-vilaine","tag-municipales-2026-a-rennes","tag-news","tag-politique-a-rennes","tag-rennes","tag-republique-francaise"],"share_on_mastodon":{"url":"https:\/\/pubeurope.com\/@fr\/116001968166480470","error":""},"_links":{"self":[{"href":"https:\/\/www.europesays.com\/fr\/wp-json\/wp\/v2\/posts\/706632","targetHints":{"allow":["GET"]}}],"collection":[{"href":"https:\/\/www.europesays.com\/fr\/wp-json\/wp\/v2\/posts"}],"about":[{"href":"https:\/\/www.europesays.com\/fr\/wp-json\/wp\/v2\/types\/post"}],"author":[{"embeddable":true,"href":"https:\/\/www.europesays.com\/fr\/wp-json\/wp\/v2\/users\/2"}],"replies":[{"embeddable":true,"href":"https:\/\/www.europesays.com\/fr\/wp-json\/wp\/v2\/comments?post=706632"}],"version-history":[{"count":0,"href":"https:\/\/www.europesays.com\/fr\/wp-json\/wp\/v2\/posts\/706632\/revisions"}],"wp:featuredmedia":[{"embeddable":true,"href":"https:\/\/www.europesays.com\/fr\/wp-json\/wp\/v2\/media\/706633"}],"wp:attachment":[{"href":"https:\/\/www.europesays.com\/fr\/wp-json\/wp\/v2\/media?parent=706632"}],"wp:term":[{"taxonomy":"category","embeddable":true,"href":"https:\/\/www.europesays.com\/fr\/wp-json\/wp\/v2\/categories?post=706632"},{"taxonomy":"post_tag","embeddable":true,"href":"https:\/\/www.europesays.com\/fr\/wp-json\/wp\/v2\/tags?post=706632"}],"curies":[{"name":"wp","href":"https:\/\/api.w.org\/{rel}","templated":true}]}}