{"id":70672,"date":"2025-05-03T01:26:10","date_gmt":"2025-05-03T01:26:10","guid":{"rendered":"https:\/\/www.europesays.com\/fr\/70672\/"},"modified":"2025-05-03T01:26:10","modified_gmt":"2025-05-03T01:26:10","slug":"marseille-cetait-quoi-cette-immense-fumee-visible-du-centre-ville","status":"publish","type":"post","link":"https:\/\/www.europesays.com\/fr\/70672\/","title":{"rendered":"Marseille. C&rsquo;\u00e9tait quoi cette immense fum\u00e9e visible du centre-ville\u00a0?"},"content":{"rendered":"<p>            Par<br \/>\n        <strong><br \/>\n            <a href=\"https:\/\/actu.fr\/auteur\/benjamin-cohenroyer\" title=\"Consulter tous les articles de Benjamin Cohen Royer\" target=\"_blank\" rel=\"noopener\">Benjamin Cohen Royer<\/a><br \/>\n        <\/strong><\/p>\n<p>        Publi\u00e9 le<\/p>\n<p>            2 mai 2025 \u00e0 10h26        <\/p>\n<p>Mercredi 30 avril, aux alentours de 18h30, une fum\u00e9e noire surplombe une partie de <a href=\"https:\/\/actu.fr\/marseille\/\" target=\"_blank\" rel=\"noopener\">Marseille. <\/a><\/p>\n<p class=\" wall-content\">La fum\u00e9e est \u00e9paisse, impressionnante.<\/p>\n<p class=\" wall-content\">Et beaucoup d\u2019habitants se sont demand\u00e9s de quoi il s\u2019agissait.\u00a0<\/p>\n<p class=\" wall-content\">Selon nos informations, il s\u2019agirait d\u2019un incendie d\u00e9clar\u00e9 dans les locaux de <strong>la soci\u00e9t\u00e9 Profer, sp\u00e9cialis\u00e9e dans la collecte de m\u00e9taux<\/strong>, situ\u00e9s avenue du Capitaine G\u00e8ze, dans le 14e arrondissement de Marseille.\u00a0<\/p>\n<p>Des m\u00e9taux et du plastique<\/p>\n<p class=\" wall-content\">Pour l\u2019op\u00e9ration, une soixantaine de marins-pompiers ont \u00e9t\u00e9 mobilis\u00e9s. L\u2019incendie a \u00e9t\u00e9 rapidement maitris\u00e9. <strong>M\u00eame s\u2019il s\u2019est \u00e9teint \u00ab\u00a0aux alentours de 6h,<\/strong> le jeudi matin\u00a0\u00bb, pr\u00e9cise le marin-pompier.\u00a0<\/p>\n<p>Vid\u00e9os : en ce moment sur Actu<\/p>\n<p class=\" wall-content\">Pour le moment, les causes du feu sont inconnues.\u00a0<\/p>\n<p class=\" wall-content\">Cet incident rappelle l\u2019importance de la vigilance et de la r\u00e9activit\u00e9 des services de secours face aux risques industriels en milieu urbain.<\/p>\n<p>Une journ\u00e9e du 1er mai calme \u00e0 Marseille<\/p>\n<p class=\" wall-content\">Malgr\u00e9 cet incident, la journ\u00e9e du 1er mai est rest\u00e9e calme \u00e0 Marseille.<\/p>\n<p class=\" wall-content\">Aucune remont\u00e9e d\u2019information notable n\u2019a \u00e9t\u00e9 signal\u00e9e par les autorit\u00e9s. .<\/p>\n<p class=\" wall-content\">Suivez toute l\u2019actualit\u00e9 de vos villes et m\u00e9dias favoris en vous inscrivant \u00e0 <a href=\"https:\/\/moncompte.actu.fr\" title=\"D\u00e9couvez Mon Actu\" rel=\"nofollow noopener\" data-trk=\"{&quot;cta&quot;:{&quot;action&quot;:&quot;https:\\\/\\\/moncompte.actu.fr&quot;,&quot;category&quot;:&quot;mon compte&quot;,&quot;from&quot;:&quot;article footer&quot;,&quot;name&quot;:&quot;Mon actu&quot;,&quot;type&quot;:&quot;cta&quot;}}\" target=\"_blank\">Mon Actu<\/a>.<\/p>\n","protected":false},"excerpt":{"rendered":"Par Benjamin Cohen Royer Publi\u00e9 le 2 mai 2025 \u00e0 10h26 Mercredi 30 avril, aux alentours de 18h30,&hellip;\n","protected":false},"author":2,"featured_media":70673,"comment_status":"","ping_status":"","sticky":false,"template":"","format":"standard","meta":{"footnotes":""},"categories":[2814],"tags":[1111,11,1777,674,118,1011,27,1310,17289,884,12,882,25],"class_list":{"0":"post-70672","1":"post","2":"type-post","3":"status-publish","4":"format-standard","5":"has-post-thumbnail","7":"category-marseille","8":"tag-actu","9":"tag-actualites","10":"tag-eu","11":"tag-europe","12":"tag-faits-divers","13":"tag-fr","14":"tag-france","15":"tag-incendie","16":"tag-marin-pompier","17":"tag-marseille","18":"tag-news","19":"tag-provence-alpes-cote-dazur","20":"tag-republique-francaise"},"share_on_mastodon":{"url":"https:\/\/pubeurope.com\/@fr\/114441301756184142","error":""},"_links":{"self":[{"href":"https:\/\/www.europesays.com\/fr\/wp-json\/wp\/v2\/posts\/70672","targetHints":{"allow":["GET"]}}],"collection":[{"href":"https:\/\/www.europesays.com\/fr\/wp-json\/wp\/v2\/posts"}],"about":[{"href":"https:\/\/www.europesays.com\/fr\/wp-json\/wp\/v2\/types\/post"}],"author":[{"embeddable":true,"href":"https:\/\/www.europesays.com\/fr\/wp-json\/wp\/v2\/users\/2"}],"replies":[{"embeddable":true,"href":"https:\/\/www.europesays.com\/fr\/wp-json\/wp\/v2\/comments?post=70672"}],"version-history":[{"count":0,"href":"https:\/\/www.europesays.com\/fr\/wp-json\/wp\/v2\/posts\/70672\/revisions"}],"wp:featuredmedia":[{"embeddable":true,"href":"https:\/\/www.europesays.com\/fr\/wp-json\/wp\/v2\/media\/70673"}],"wp:attachment":[{"href":"https:\/\/www.europesays.com\/fr\/wp-json\/wp\/v2\/media?parent=70672"}],"wp:term":[{"taxonomy":"category","embeddable":true,"href":"https:\/\/www.europesays.com\/fr\/wp-json\/wp\/v2\/categories?post=70672"},{"taxonomy":"post_tag","embeddable":true,"href":"https:\/\/www.europesays.com\/fr\/wp-json\/wp\/v2\/tags?post=70672"}],"curies":[{"name":"wp","href":"https:\/\/api.w.org\/{rel}","templated":true}]}}