{"id":706821,"date":"2026-02-02T18:14:10","date_gmt":"2026-02-02T18:14:10","guid":{"rendered":"https:\/\/www.europesays.com\/fr\/706821\/"},"modified":"2026-02-02T18:14:10","modified_gmt":"2026-02-02T18:14:10","slug":"soudal-quick-step-magnier-change-de-programme-sports","status":"publish","type":"post","link":"https:\/\/www.europesays.com\/fr\/706821\/","title":{"rendered":"Soudal-Quick Step : Magnier change de programme : Sports"},"content":{"rendered":"<p class=\"date\">\n                                                            Guillaume Marion, Media365, publi\u00e9 le lundi 02 f\u00e9vrier 2026 \u00e0 15h50\n                                                    <\/p>\n<p><strong><strong>Alors qu&rsquo;il \u00e9tait attendu sur le Tour de Valence d\u00e9but f\u00e9vrier, Paul Magnier (Soudal-Quick Step) va finalement rater cette course par \u00e9tapes et fera son retour lors du Tour de l&rsquo;Algarve.<\/strong><\/strong><\/p>\n<p>Apr\u00e8s sa folle saison 2025 (19 succ\u00e8s, soit le deuxi\u00e8me meilleur total derri\u00e8re Tadej Pogacar), Paul Magnier est logiquement tr\u00e8s attendu cette ann\u00e9e. Et ce n&rsquo;est pas sa premi\u00e8re course en 2026 qui va changer cela. En effet, <strong>pr\u00e9sent lors du Grand Prix de Valence, le 25 janvier dernier, le sprinteur fran\u00e7ais a pris la 2e place de la course<\/strong>, derri\u00e8re le N\u00e9erlandais Dylan Groenewegen (Unibet Rose Rockets) mais devant Emilien Jeanni\u00e8re (TotalEnergies).<\/p>\n<p>Auteur d&rsquo;une premi\u00e8re sortie remarqu\u00e9e donc, le coureur de la formation Soudal-Quick Step aurait ensuite d\u00fb encha\u00eener avec le Tour de Valence (du 4 au 8 f\u00e9vrier), mais son \u00e9quipe a finalement d\u00e9cid\u00e9 de ne pas l&rsquo;aligner. Car, \u00ab <strong>il est plus b\u00e9n\u00e9fique de le laisser s&rsquo;entra\u00eener \u00e0 domicile plut\u00f4t que de lui faire disputer une nouvelle course par \u00e9tapes<\/strong> \u00bb, comme l&rsquo;\u00e9quipe belge l&rsquo;a notamment expliqu\u00e9 aupr\u00e8s du quotidien Het Laatste Nieuws.<\/p>\n<p><strong>Magnier va ensuite encha\u00eener les Classiques avant le Giro<\/strong><\/p>\n<p>En Espagne, le Wolfpack se pr\u00e9sentera du coup avec sept coureurs belges, \u00e0 savoir Louis Vervaeke, Dries Van Gestel, Viktor Soenens, Jasper Schoofs, Yves Lampaert, Steff Cras et Ayco Bastiaens. Il faudra donc encore un peu patienter pour revoir Magnier \u00e0 l&rsquo;oeuvre. <strong>Normalement, le Grenoblois devrait \u00eatre align\u00e9 peu de temps apr\u00e8s lors du Tour de l&rsquo;Algarve (du 18 au 22 f\u00e9vrier).<\/strong><\/p>\n<p>Derri\u00e8re, le sprinteur tricolore aura un programme charg\u00e9 lors des Classiques flandriennes, avec le Circuit Het Nieuwsblad (le 28 f\u00e9vrier), l&rsquo;E3 Saxo Classic (le 27 mars), Gent-Wevelgem (le 29 mars) puis enfin \u00c0 travers la Flandre (le 1er avril). Apr\u00e8s ce bel encha\u00eenement en Belgique, <strong>Magnier devrait participer \u00e0 l&rsquo;un des gros rendez-vous de saison 2026 : le Tour d&rsquo;Italie<\/strong>, \u00e0 partir du 8 mai et jusqu&rsquo;au 31. De l&rsquo;autre c\u00f4t\u00e9 des Alpes, il tentera de faire mieux qu&rsquo;en 2025 (non-partant lors de la 16e \u00e9tape) et d&rsquo;\u00eatre un candidat cr\u00e9dible pour ramener le maillot cyclamen, qui r\u00e9compense le leader du classement par points, jusqu&rsquo;\u00e0 Rome.<\/p>\n","protected":false},"excerpt":{"rendered":"Guillaume Marion, Media365, publi\u00e9 le lundi 02 f\u00e9vrier 2026 \u00e0 15h50 Alors qu&rsquo;il \u00e9tait attendu sur le Tour&hellip;\n","protected":false},"author":2,"featured_media":706822,"comment_status":"","ping_status":"","sticky":false,"template":"","format":"standard","meta":{"footnotes":""},"categories":[1411],"tags":[1154,207,1011,27,60],"class_list":{"0":"post-706821","1":"post","2":"type-post","3":"status-publish","4":"format-standard","5":"has-post-thumbnail","7":"category-cyclisme","8":"tag-cycling","9":"tag-cyclisme","10":"tag-fr","11":"tag-france","12":"tag-sports"},"share_on_mastodon":{"url":"https:\/\/pubeurope.com\/@fr\/116002400878231206","error":""},"_links":{"self":[{"href":"https:\/\/www.europesays.com\/fr\/wp-json\/wp\/v2\/posts\/706821","targetHints":{"allow":["GET"]}}],"collection":[{"href":"https:\/\/www.europesays.com\/fr\/wp-json\/wp\/v2\/posts"}],"about":[{"href":"https:\/\/www.europesays.com\/fr\/wp-json\/wp\/v2\/types\/post"}],"author":[{"embeddable":true,"href":"https:\/\/www.europesays.com\/fr\/wp-json\/wp\/v2\/users\/2"}],"replies":[{"embeddable":true,"href":"https:\/\/www.europesays.com\/fr\/wp-json\/wp\/v2\/comments?post=706821"}],"version-history":[{"count":0,"href":"https:\/\/www.europesays.com\/fr\/wp-json\/wp\/v2\/posts\/706821\/revisions"}],"wp:featuredmedia":[{"embeddable":true,"href":"https:\/\/www.europesays.com\/fr\/wp-json\/wp\/v2\/media\/706822"}],"wp:attachment":[{"href":"https:\/\/www.europesays.com\/fr\/wp-json\/wp\/v2\/media?parent=706821"}],"wp:term":[{"taxonomy":"category","embeddable":true,"href":"https:\/\/www.europesays.com\/fr\/wp-json\/wp\/v2\/categories?post=706821"},{"taxonomy":"post_tag","embeddable":true,"href":"https:\/\/www.europesays.com\/fr\/wp-json\/wp\/v2\/tags?post=706821"}],"curies":[{"name":"wp","href":"https:\/\/api.w.org\/{rel}","templated":true}]}}