{"id":70700,"date":"2025-05-03T01:43:25","date_gmt":"2025-05-03T01:43:25","guid":{"rendered":"https:\/\/www.europesays.com\/fr\/70700\/"},"modified":"2025-05-03T01:43:25","modified_gmt":"2025-05-03T01:43:25","slug":"bruxelles-maintient-son-estimation-des-depenses-de-defense-a-650-milliards","status":"publish","type":"post","link":"https:\/\/www.europesays.com\/fr\/70700\/","title":{"rendered":"Bruxelles maintient son estimation des d\u00e9penses de d\u00e9fense \u00e0 650 milliards"},"content":{"rendered":"<p><img decoding=\"async\" class=\"c-ad__placeholder__logo\" src=\"https:\/\/www.europesays.com\/fr\/wp-content\/uploads\/2025\/03\/logo-euronews-grey-6-180x22.svg.svg+xml\" width=\"180\" height=\"22\" alt=\"\" loading=\"lazy\"\/>PUBLICIT\u00c9<\/p>\n<p>La Commission europ\u00e9enne s&rsquo;en tient \u00e0 son estimation selon laquelle les \u00c9tats membres pourraient d\u00e9penser jusqu&rsquo;\u00e0 650 milliards d&rsquo;euros pour la d\u00e9fense au cours des quatre prochaines ann\u00e9es, m\u00eame si seulement la moiti\u00e9 des gouvernements demandent une plus grande marge de man\u0153uvre fiscale pour stimuler les investissements dans le secteur \u00e0 temps.<\/p>\n<p>L&rsquo;ex\u00e9cutif europ\u00e9en a propos\u00e9 en mars, dans le cadre de son plan \u00ab\u00a0Pr\u00e9paration 2030\u00a0\u00bb visant \u00e0 augmenter les d\u00e9penses de d\u00e9fense, d&rsquo;autoriser les \u00c9tats membres \u00e0 demander l&rsquo;activation de la clause de sauvegarde nationale du pacte de stabilit\u00e9 et de croissance de l&rsquo;Union, afin de leur permettre de s&rsquo;\u00e9carter temporairement des r\u00e8gles fiscales strictes pour investir dans la d\u00e9fense.<\/p>\n<p><img decoding=\"async\" src=\"https:\/\/www.europesays.com\/fr\/wp-content\/uploads\/2025\/03\/icon-cross-10x10-grey-6.svg.svg+xml\" width=\"10\" height=\"10\" alt=\"Close advertising\" fetchpriority=\"high\" loading=\"lazy\"\/><\/p>\n<p>Selon cette proposition, les \u00c9tats membres seraient autoris\u00e9s \u00e0 augmenter les d\u00e9penses de d\u00e9fense de 1,5 % du produit int\u00e9rieur brut (PIB) chaque ann\u00e9e pendant quatre ans sans cons\u00e9quences, m\u00eame si cela porte leur d\u00e9ficit total au-del\u00e0 du seuil obligatoire de 3 % du PIB.<\/p>\n<p>La Commission a estim\u00e9 \u00e0 l&rsquo;\u00e9poque que cela pourrait permettre d&rsquo;investir 650 milliards d&rsquo;euros suppl\u00e9mentaires dans la d\u00e9fense avant 2030, faisant de cette proposition le pilier principal de son <a href=\"https:\/\/fr.euronews.com\/my-europe\/2025\/03\/04\/ursula-von-der-leyen-propose-un-programme-de-800-milliards-deuros-pour-la-defense-europeen\" target=\"_blank\" rel=\"noopener\"><strong>plan de 800 milliards d&rsquo;euros pour r\u00e9armer l&rsquo;Union<\/strong><\/a> .<\/p>\n<p>Les \u00c9tats membres ont \u00e9t\u00e9 invit\u00e9s \u00e0 pr\u00e9senter leur demande de mani\u00e8re coordonn\u00e9e pour le 30 avril au plus tard, dans l&rsquo;espoir que l&rsquo;ensemble du processus puisse \u00eatre achev\u00e9 avant les vacances d&rsquo;\u00e9t\u00e9.<\/p>\n<p>Vendredi, <strong>13 des 27 \u00c9tats membres de l&rsquo;UE avaient introduit leur demande<\/strong>, dont la Belgique, le Danemark, l&rsquo;Estonie, la Finlande, l&rsquo;Allemagne, la Gr\u00e8ce, la Hongrie, la Lettonie, la Lituanie, la Pologne, le Portugal, la Slovaquie et la Slov\u00e9nie.<\/p>\n<p>Un chiffre approximatif<\/p>\n<p>Un porte-parole de la Commission a tent\u00e9 de pr\u00e9senter ce chiffre comme un succ\u00e8s vendredi, d\u00e9clarant aux journalistes qu'\u00a0\u00bbaujourd&rsquo;hui, essentiellement (nous avons) la moiti\u00e9 des \u00c9tats membres, c&rsquo;est donc un chiffre significatif, et nous avons des indications que ce chiffre augmentera encore dans un avenir proche\u00a0\u00bb.<\/p>\n<p>La Commission avait d\u00e9clar\u00e9 en d\u00e9but de semaine que la date du 30 avril \u00e9tait une \u00ab\u00a0date limite souple\u00a0\u00bb et qu&rsquo;elle accepterait les demandes apr\u00e8s cette date \u00e0 condition qu&rsquo;elle ait suffisamment de temps pour les analyser avant la publication du paquet du semestre de printemps. Le rapport, pr\u00e9vu pour le 4 juin, pr\u00e9voit que la Commission donne aux \u00c9tats membres des recommandations sur la mani\u00e8re de relever les d\u00e9fis \u00e9conomiques auxquels ils sont confront\u00e9s.<\/p>\n<p>L&rsquo;estimation de 650 milliards d&rsquo;euros, a d\u00e9clar\u00e9 le porte-parole de la Commission vendredi, \u00ab\u00a0est un chiffre approximatif, bas\u00e9 sur une s\u00e9rie d&rsquo;hypoth\u00e8ses\u00a0\u00bb.<\/p>\n<p>\u00ab\u00a0A l&rsquo;\u00e9poque, bien s\u00fbr, nous ne savions pas combien d\u2019\u00c9tats membres activeraient la clause et nous voulions donner un ordre de grandeur de l&rsquo;espace fiscal qui pourrait \u00eatre rendu disponible par cette mesure\u00a0\u00bb, a ajout\u00e9 Balazs Ujvari.<\/p>\n<p>\u00ab\u00a0Mais bien s\u00fbr, il n&rsquo;est pas possible pour l&rsquo;instant d&rsquo;actualiser ce chiffre de mani\u00e8re responsable, car, d&rsquo;une part, nous ne savons pas combien de pays demanderont finalement \u00e0 b\u00e9n\u00e9ficier de la clause &#8211; nous en avons 13 pour l&rsquo;instant mais il est toujours possible de soumettre des demandes suppl\u00e9mentaires &#8211; (et) nous ne savons pas \u00e0 quel rythme ils augmenteront leurs d\u00e9penses en mati\u00e8re de d\u00e9fense\u00a0\u00bb, a-t-il ajout\u00e9.<\/p>\n<p>La premi\u00e8re estimation actualis\u00e9e ne sera disponible que l&rsquo;ann\u00e9e prochaine, a-t-il poursuivi, sur la base des donn\u00e9es relatives aux d\u00e9penses de d\u00e9fense \u00e0 partir de 2025.<\/p>\n<p>Pour que leur demande soit approuv\u00e9e, les \u00c9tats membres doivent prouver qu&rsquo;ils sont confront\u00e9s \u00e0 des circonstances exceptionnelles ind\u00e9pendantes de leur volont\u00e9, que ces circonstances exceptionnelles ont un impact sur leurs finances publiques et que la d\u00e9rogation au titre de la clause de sauvegarde nationale ne mettra pas en p\u00e9ril leur viabilit\u00e9 budg\u00e9taire \u00e0 moyen terme.<\/p>\n<p>Des pr\u00eats SAFE ?<\/p>\n<p>Plusieurs des \u00c9tats membres qui ont demand\u00e9 une d\u00e9rogation sont toutefois vis\u00e9s par une proc\u00e9dure de d\u00e9ficit excessif, ce qui signifie que leur d\u00e9ficit d\u00e9passe le seuil autoris\u00e9 de 3 % du PIB. Il s&rsquo;agit notamment de la Belgique (4,8 %), de la Hongrie (4,1 %), de la Pologne (7,9 %) et de la Slovaquie (8,8 %).<\/p>\n<p>Si les demandes d&rsquo;activation de la clause de sauvegarde nationale sont accord\u00e9es aux \u00c9tats membres dans le cadre de la proc\u00e9dure, \u00ab\u00a0nous en tiendrons compte lors de notre \u00e9valuation et nous prendrons en consid\u00e9ration la flexibilit\u00e9 dont dispose cet \u00c9tat membre gr\u00e2ce \u00e0 la clause de sauvegarde nationale\u00a0\u00bb, a \u00e9galement d\u00e9clar\u00e9 M. Ujvari, de la Commission, vendredi.<\/p>\n<p><img decoding=\"async\" class=\"c-ad__placeholder__logo\" src=\"https:\/\/www.europesays.com\/fr\/wp-content\/uploads\/2025\/03\/logo-euronews-grey-6-180x22.svg.svg+xml\" width=\"180\" height=\"22\" alt=\"\" loading=\"lazy\"\/>PUBLICIT\u00c9<\/p>\n<p>Les autres pays qui risquent d&rsquo;\u00eatre sanctionn\u00e9s pour leur situation budg\u00e9taire sont la France, l&rsquo;Italie, Malte et la Roumanie.<\/p>\n<p><strong>La France<\/strong>, dont le d\u00e9ficit s&rsquo;\u00e9levait \u00e0 6,1 % du PIB <a href=\"https:\/\/ec.europa.eu\/eurostat\/web\/products-euro-indicators\/w\/2-22042025-cp\" target=\"_blank\" rel=\"noreferrer noopener\">au dernier trimestre de 2024<\/a>, <strong>ne devrait pas pr\u00e9senter de demande, selon Euronews<\/strong>, mais participerait probablement \u00e0 l&rsquo;autre m\u00e9canisme financier pr\u00e9sent\u00e9 dans le cadre de l&rsquo;initiative \u00ab\u00a0Pr\u00e9paration 2030\u00a0\u00bb.<\/p>\n<p>Dans le cadre du programme SAFE, les \u00c9tats membres pourront s\u00e9curiser une partie des 150 milliards d&rsquo;euros que la Commission pr\u00e9voit de lever sur le march\u00e9 et d&rsquo;accorder aux \u00c9tats membres sous forme de pr\u00eats.<\/p>\n<p>Contrairement aux fonds provenant des caisses nationales, ces fonds de l&rsquo;UE seraient affect\u00e9s \u00e0 des syst\u00e8mes d&rsquo;armes principalement fabriqu\u00e9s en Europe et r\u00e9sultant d&rsquo;acquisitions conjointes entre plusieurs \u00c9tats membres.<\/p>\n<p><img decoding=\"async\" class=\"c-ad__placeholder__logo\" src=\"https:\/\/www.europesays.com\/fr\/wp-content\/uploads\/2025\/03\/logo-euronews-grey-6-180x22.svg.svg+xml\" width=\"180\" height=\"22\" alt=\"\" loading=\"lazy\"\/>PUBLICIT\u00c9<\/p>\n<p>La proposition est actuellement examin\u00e9e par le Conseil. Une fois adopt\u00e9e, les \u00c9tats membres auront six mois pour demander un tel pr\u00eat.<\/p>\n","protected":false},"excerpt":{"rendered":"PUBLICIT\u00c9 La Commission europ\u00e9enne s&rsquo;en tient \u00e0 son estimation selon laquelle les \u00c9tats membres pourraient d\u00e9penser jusqu&rsquo;\u00e0 650&hellip;\n","protected":false},"author":2,"featured_media":70701,"comment_status":"","ping_status":"","sticky":false,"template":"","format":"standard","meta":{"footnotes":""},"categories":[1586],"tags":[11,6376,554,1777,674,1779,1011,27,12,25,1778,364],"class_list":{"0":"post-70700","1":"post","2":"type-post","3":"status-publish","4":"format-standard","5":"has-post-thumbnail","7":"category-europe","8":"tag-actualites","9":"tag-armes","10":"tag-defense","11":"tag-eu","12":"tag-europe","13":"tag-european-union","14":"tag-fr","15":"tag-france","16":"tag-news","17":"tag-republique-francaise","18":"tag-ue","19":"tag-union-europeenne"},"share_on_mastodon":{"url":"https:\/\/pubeurope.com\/@fr\/114441368756115594","error":""},"_links":{"self":[{"href":"https:\/\/www.europesays.com\/fr\/wp-json\/wp\/v2\/posts\/70700","targetHints":{"allow":["GET"]}}],"collection":[{"href":"https:\/\/www.europesays.com\/fr\/wp-json\/wp\/v2\/posts"}],"about":[{"href":"https:\/\/www.europesays.com\/fr\/wp-json\/wp\/v2\/types\/post"}],"author":[{"embeddable":true,"href":"https:\/\/www.europesays.com\/fr\/wp-json\/wp\/v2\/users\/2"}],"replies":[{"embeddable":true,"href":"https:\/\/www.europesays.com\/fr\/wp-json\/wp\/v2\/comments?post=70700"}],"version-history":[{"count":0,"href":"https:\/\/www.europesays.com\/fr\/wp-json\/wp\/v2\/posts\/70700\/revisions"}],"wp:featuredmedia":[{"embeddable":true,"href":"https:\/\/www.europesays.com\/fr\/wp-json\/wp\/v2\/media\/70701"}],"wp:attachment":[{"href":"https:\/\/www.europesays.com\/fr\/wp-json\/wp\/v2\/media?parent=70700"}],"wp:term":[{"taxonomy":"category","embeddable":true,"href":"https:\/\/www.europesays.com\/fr\/wp-json\/wp\/v2\/categories?post=70700"},{"taxonomy":"post_tag","embeddable":true,"href":"https:\/\/www.europesays.com\/fr\/wp-json\/wp\/v2\/tags?post=70700"}],"curies":[{"name":"wp","href":"https:\/\/api.w.org\/{rel}","templated":true}]}}