{"id":707032,"date":"2026-02-02T20:13:15","date_gmt":"2026-02-02T20:13:15","guid":{"rendered":"https:\/\/www.europesays.com\/fr\/707032\/"},"modified":"2026-02-02T20:13:15","modified_gmt":"2026-02-02T20:13:15","slug":"propagation-du-feu-dans-limmeuble-une-centaine-de-pompiers-sur-place","status":"publish","type":"post","link":"https:\/\/www.europesays.com\/fr\/707032\/","title":{"rendered":"propagation du feu dans l&rsquo;immeuble, une centaine de pompiers sur place"},"content":{"rendered":"<p>                    Par<br \/>\n        <strong><br \/>\n            <a href=\"https:\/\/actu.fr\/auteur\/m-pomme\" title=\"Consulter tous les articles de Marie Pomme\" rel=\"nofollow noopener\" target=\"_blank\">Marie Pomme<\/a><br \/>\n                    <\/strong><\/p>\n<p>        Publi\u00e9 le<\/p>\n<p>            2 f\u00e9vr. 2026 \u00e0 17h54        <\/p>\n<p>Un <a href=\"https:\/\/actu.fr\/tag\/incendie\" rel=\"nofollow noopener\" target=\"_blank\">incendie<\/a> s\u2019est d\u00e9clar\u00e9 dans le 3e arrondissement de Paris ce lundi 2\u00a0f\u00e9vrier 2026, a appris actu Paris aupr\u00e8s de la <a href=\"https:\/\/actu.fr\/tag\/pompiers\" rel=\"nofollow noopener\" target=\"_blank\">Brigade des sapeurs-pompiers de Paris (BSPP)<\/a>. Deux bless\u00e9s l\u00e9gers et un bless\u00e9 grave ont \u00e9t\u00e9 transport\u00e9s \u00e0 l\u2019h\u00f4pital.<\/p>\n<p>Une op\u00e9ration de sauvetage r\u00e9ussie<\/p>\n<p class=\" wall-content\">L\u2019incendie s\u2019est d\u00e9clar\u00e9 au 38 rue Pastourelle. Le feu a pris dans un appartement au premier \u00e9tage d\u2019un immeuble de cinq \u00e9tages en fin d\u2019apr\u00e8s-midi, vers 16\u00a0heures. Pour le moment, il n\u2019y a aucune information concernant les causes de l\u2019incendie. Le feu s\u2019est propag\u00e9 \u00e0 la boutique du rez-de-chauss\u00e9e ainsi qu\u2019aux escaliers. Les fum\u00e9es ont atteint les couloirs.<\/p>\n<p class=\" wall-content\">\n<p class=\" wall-content\">109 pompiers sont mobilis\u00e9s sur place pour \u00e9teindre l\u2019incendie avec trois lances et 25 camions. Le feu a \u00e9t\u00e9 \u00e9teint.\u00a0<\/p>\n<p>    <img   decoding=\"async\" loading=\"lazy\" src=\"https:\/\/www.europesays.com\/fr\/wp-content\/uploads\/2026\/02\/capture-decran-2026-02-02-175607-960x640.png\" alt=\"L'incendie a eu lieu au 38 rue Pastourelle, \u00e0 Paris.\" width=\"960\" height=\"640\"\/><br \/>\n    L\u2019incendie a eu lieu au 38 rue Pastourelle, \u00e0 Paris. (\u00a9Capture Google maps)<\/p>\n<p class=\" wall-content\">Personnalisez votre actualit\u00e9 en ajoutant vos villes et m\u00e9dias en favori avec <a href=\"https:\/\/moncompte.actu.fr\" title=\"D\u00e9couvez Mon Actu\" rel=\"nofollow noopener\" data-trk=\"{&quot;cta&quot;:{&quot;action&quot;:&quot;https:\\\/\\\/moncompte.actu.fr&quot;,&quot;category&quot;:&quot;mon compte&quot;,&quot;from&quot;:&quot;article footer&quot;,&quot;name&quot;:&quot;Mon actu&quot;,&quot;type&quot;:&quot;cta&quot;}}\" target=\"_blank\">Mon Actu<\/a>.<\/p>\n","protected":false},"excerpt":{"rendered":"Par Marie Pomme Publi\u00e9 le 2 f\u00e9vr. 2026 \u00e0 17h54 Un incendie s\u2019est d\u00e9clar\u00e9 dans le 3e arrondissement&hellip;\n","protected":false},"author":2,"featured_media":707033,"comment_status":"","ping_status":"","sticky":false,"template":"","format":"standard","meta":{"footnotes":"","_share_on_mastodon":"0"},"categories":[1888],"tags":[11,3056,1777,674,1011,27,1310,12,626,1311,25,104],"class_list":["post-707032","post","type-post","status-publish","format-standard","has-post-thumbnail","category-paris","tag-actualites","tag-brigade-de-sapeurs-pompiers-de-paris","tag-eu","tag-europe","tag-fr","tag-france","tag-incendie","tag-news","tag-paris","tag-pompiers","tag-republique-francaise","tag-societe"],"share_on_mastodon":{"url":"https:\/\/pubeurope.com\/@fr\/116002868871521130","error":""},"_links":{"self":[{"href":"https:\/\/www.europesays.com\/fr\/wp-json\/wp\/v2\/posts\/707032","targetHints":{"allow":["GET"]}}],"collection":[{"href":"https:\/\/www.europesays.com\/fr\/wp-json\/wp\/v2\/posts"}],"about":[{"href":"https:\/\/www.europesays.com\/fr\/wp-json\/wp\/v2\/types\/post"}],"author":[{"embeddable":true,"href":"https:\/\/www.europesays.com\/fr\/wp-json\/wp\/v2\/users\/2"}],"replies":[{"embeddable":true,"href":"https:\/\/www.europesays.com\/fr\/wp-json\/wp\/v2\/comments?post=707032"}],"version-history":[{"count":0,"href":"https:\/\/www.europesays.com\/fr\/wp-json\/wp\/v2\/posts\/707032\/revisions"}],"wp:featuredmedia":[{"embeddable":true,"href":"https:\/\/www.europesays.com\/fr\/wp-json\/wp\/v2\/media\/707033"}],"wp:attachment":[{"href":"https:\/\/www.europesays.com\/fr\/wp-json\/wp\/v2\/media?parent=707032"}],"wp:term":[{"taxonomy":"category","embeddable":true,"href":"https:\/\/www.europesays.com\/fr\/wp-json\/wp\/v2\/categories?post=707032"},{"taxonomy":"post_tag","embeddable":true,"href":"https:\/\/www.europesays.com\/fr\/wp-json\/wp\/v2\/tags?post=707032"}],"curies":[{"name":"wp","href":"https:\/\/api.w.org\/{rel}","templated":true}]}}