{"id":70723,"date":"2025-05-03T01:59:21","date_gmt":"2025-05-03T01:59:21","guid":{"rendered":"https:\/\/www.europesays.com\/fr\/70723\/"},"modified":"2025-05-03T01:59:21","modified_gmt":"2025-05-03T01:59:21","slug":"jetais-degoutee-sonia-rolland-et-beatrice-de-la-boulaye-reagissent-a-cette-mort-choc-dans-le-final-de-la-saison-6","status":"publish","type":"post","link":"https:\/\/www.europesays.com\/fr\/70723\/","title":{"rendered":"\u00ab\u00a0J&rsquo;\u00e9tais d\u00e9go\u00fbt\u00e9e !\u00a0\u00bb Sonia Rolland et B\u00e9atrice de la Boulaye r\u00e9agissent \u00e0 cette mort choc dans le final de la saison 6"},"content":{"rendered":"<p>Ce vendredi 2 mai 2025 sur France 2, vous avez pu d\u00e9couvrir le dernier \u00e9pisode de la saison 6 in\u00e9dite de Tropiques criminels et sa sc\u00e8ne finale choc. Sonia Rolland et B\u00e9atrice de la Boulaye, interpr\u00e8tes respectives de M\u00e9lissa Sainte-Rose et Ga\u00eblle Crivelli, ont r\u00e9agi \u00e0 cette s\u00e9quence pour T\u00e9l\u00e9-Loisirs.<\/p>\n<p>La saison 6 in\u00e9dite de <b>Tropiques criminels<\/b> a pris fin ce vendredi 2 mai 2025 sur France 2. M\u00e9lissa Sainte-Rose (<a href=\"https:\/\/www.programme-tv.net\/news\/series-tv\/376730-le-plus-dur-a-ete-de-gerer-l-incomprehension-de-ma-fille-sonia-rolland-se-confie-sur-son-role-de-belle-mere\/\" data-api-deeplink=\"teleloisirs:\/\/news\/376730\" rel=\"nofollow noopener\" target=\"_blank\">Sonia Rolland qui a v\u00e9cu le r\u00f4le d\u00e9licat de belle-m\u00e8re<\/a>), Ga\u00eblle Crivelli (<a href=\"https:\/\/www.programme-tv.net\/news\/series-tv\/375753-je-trouve-ca-hyper-dur-beatrice-de-la-boulaye-reagit-a-la-rupture-de-crivelli-et-aurelien-dans-tropiques-criminels\/\" data-api-deeplink=\"teleloisirs:\/\/news\/375753\" rel=\"nofollow noopener\" target=\"_blank\">B\u00e9atrice de la Boulaye marqu\u00e9e par la rupture entre Ga\u00eblle et Aur\u00e9lien<\/a>) et leurs co\u00e9quipiers sont parvenus \u00e0 r\u00e9soudre le meurtre d&rsquo;une femme en plein carnaval. Les deux enqu\u00eatrices ont par ailleurs donn\u00e9 de leur personne durant l&rsquo;enterrement de vie de jeune fille d&rsquo;Oc\u00e9ane. Ce qui a valu \u00e0 M\u00e9lissa une farce de la part de Ga\u00eblle. Mais la sc\u00e8ne finale de ce dernier \u00e9pisode s&rsquo;est av\u00e9r\u00e9e bien moins l\u00e9g\u00e8re.<\/p>\n<p>Tropiques criminels : Un personnage meurt dans le final de la saison 6<\/p>\n<p><b>ATTENTION SPOILERS<\/b> ! Si vous n&rsquo;avez pas encore vu le dernier \u00e9pisode de la saison 6 de Tropiques criminels et que vous voulez garder la surprise, ne lisez pas la suite. A la fin de ce final, M\u00e9lissa et Ga\u00eblle se mettent en route pour le mariage d&rsquo;Oc\u00e9ane. Elles re\u00e7oivent un appel \u00e9trange de Lebrac &#8211; un v\u00e9ritable <a href=\"https:\/\/www.programme-tv.net\/news\/series-tv\/375678-lebrac-est-clairement-un-predateur-edouard-montoute-de-retour-dans-tropiques-criminels-il-se-confie-sur-son-role-de-coard\/\" data-api-deeplink=\"teleloisirs:\/\/news\/375678\" rel=\"nofollow noopener\" target=\"_blank\">\u00ab\u00a0pr\u00e9dateur\u00a0\u00bb selon son interpr\u00e8te Edouard Montoute<\/a> &#8211; qui leur donne rendez-vous sur un ponton du port. Mais \u00e0 leur arriv\u00e9e, les deux enqu\u00eatrices sont sous le choc car elles d\u00e9couvrent le corps sans vie de Lebrac.<\/p>\n<p>                        Tropiques criminels : Sonia Rolland (M\u00e9lissa) et B\u00e9atrice de la Boulaye (Ga\u00eblle) r\u00e9agissent au final choc de la saison 6<\/p>\n<p>Les deux actrices de Tropiques criminels, Sonia Rolland et B\u00e9atrice de la Boulaye, ont r\u00e9agi aupr\u00e8s de T\u00e9l\u00e9-Loisirs \u00e0 propos de cette sc\u00e8ne finale. A la lecture du sc\u00e9nario, Sonia Rolland s&rsquo;est ainsi dit \u00ab\u00a0&lsquo;Merde, Lebrac !'\u00a0\u00bb nous lance-t-elle. \u00ab\u00a0C\u2019est fort parce qu\u2019on ne s\u2019y attend pas du tout. Et en m\u00eame temps, \u00e7a ouvre sur une possibilit\u00e9 assez forte pour la saison 7. Il faut trouver qui est \u00e0 l\u2019origine de ce meurtre. Cet \u00e9v\u00e9nement va aussi poser question sur l&rsquo;avenir personnel de M\u00e9lissa.\u00a0\u00bb De son c\u00f4t\u00e9, B\u00e9atrice de la Boulaye a r\u00e9agi \u00e0 cette mort : \u00ab\u00a0J&rsquo;\u00e9tais d\u00e9go\u00fbt\u00e9e. J&rsquo;adore jouer avec Edouard mais l\u00e0 c\u2019est quand m\u00eame un peu condamn\u00e9. [Elle rit.] L\u00e0, il est bien mort&#8230; \u00e0 moins que ce soit son jumeau, comme \u00e7a arrive parfois dans les sc\u00e9narios de quotidiennes.\u00a0\u00bb<\/p>\n","protected":false},"excerpt":{"rendered":"Ce vendredi 2 mai 2025 sur France 2, vous avez pu d\u00e9couvrir le dernier \u00e9pisode de la saison&hellip;\n","protected":false},"author":2,"featured_media":70724,"comment_status":"","ping_status":"","sticky":false,"template":"","format":"standard","meta":{"footnotes":""},"categories":[1356],"tags":[17294,244,58,59,1011,27,594,2173,2391,252,1364],"class_list":{"0":"post-70723","1":"post","2":"type-post","3":"status-publish","4":"format-standard","5":"has-post-thumbnail","7":"category-television","8":"tag-bu00e9atrice-de-la-boulaye","9":"tag-commentaire","10":"tag-divertissement","11":"tag-entertainment","12":"tag-fr","13":"tag-france","14":"tag-france-2","15":"tag-interview","16":"tag-sonia-rolland","17":"tag-television","18":"tag-tv"},"share_on_mastodon":{"url":"https:\/\/pubeurope.com\/@fr\/114441431548565565","error":""},"_links":{"self":[{"href":"https:\/\/www.europesays.com\/fr\/wp-json\/wp\/v2\/posts\/70723","targetHints":{"allow":["GET"]}}],"collection":[{"href":"https:\/\/www.europesays.com\/fr\/wp-json\/wp\/v2\/posts"}],"about":[{"href":"https:\/\/www.europesays.com\/fr\/wp-json\/wp\/v2\/types\/post"}],"author":[{"embeddable":true,"href":"https:\/\/www.europesays.com\/fr\/wp-json\/wp\/v2\/users\/2"}],"replies":[{"embeddable":true,"href":"https:\/\/www.europesays.com\/fr\/wp-json\/wp\/v2\/comments?post=70723"}],"version-history":[{"count":0,"href":"https:\/\/www.europesays.com\/fr\/wp-json\/wp\/v2\/posts\/70723\/revisions"}],"wp:featuredmedia":[{"embeddable":true,"href":"https:\/\/www.europesays.com\/fr\/wp-json\/wp\/v2\/media\/70724"}],"wp:attachment":[{"href":"https:\/\/www.europesays.com\/fr\/wp-json\/wp\/v2\/media?parent=70723"}],"wp:term":[{"taxonomy":"category","embeddable":true,"href":"https:\/\/www.europesays.com\/fr\/wp-json\/wp\/v2\/categories?post=70723"},{"taxonomy":"post_tag","embeddable":true,"href":"https:\/\/www.europesays.com\/fr\/wp-json\/wp\/v2\/tags?post=70723"}],"curies":[{"name":"wp","href":"https:\/\/api.w.org\/{rel}","templated":true}]}}