{"id":707716,"date":"2026-02-03T03:19:12","date_gmt":"2026-02-03T03:19:12","guid":{"rendered":"https:\/\/www.europesays.com\/fr\/707716\/"},"modified":"2026-02-03T03:19:12","modified_gmt":"2026-02-03T03:19:12","slug":"la-cage-aux-folles-revient-a-paris-a-la-seine-musicale","status":"publish","type":"post","link":"https:\/\/www.europesays.com\/fr\/707716\/","title":{"rendered":"La Cage aux Folles revient \u00e0 Paris \u00e0 la Seine Musicale"},"content":{"rendered":"<p>Suite \u00e0 son succ\u00e8s au Th\u00e9\u00e2tre du Ch\u00e2telet, la com\u00e9die musicale La Cage aux Folles va connaitre une seconde vie \u00e0 la Seine Musicale, un peu comme <a href=\"https:\/\/www.tony-comedie.com\/critique\/singin-in-the-rain-2\/\" target=\"_self\" rel=\"noopener\">Singin&rsquo; in the Rain<\/a> qui avait \u00e9t\u00e9 jou\u00e9 au Grand Palais apr\u00e8s sa cr\u00e9ation au Ch\u00e2telet.<\/p>\n<p>La Cage aux Folles a \u00e9t\u00e9 cr\u00e9\u00e9 en 1983 \u00e0 Boston d\u2019apr\u00e8s la pi\u00e8ce \u00e9ponyme de Jean Poiret. Les musiques et les paroles sont de Jerry Herman (Hello, Dolly!) et le livret est de Harvey Fierstein (Newsies, Kinky Boots).<\/p>\n<p>Sur la c\u00f4te d&rsquo;azur, Albin et Georges dirigent La Cage aux Folles, une boite de nuit transformiste tr\u00e8s populaire. Mais leur vie paisible est boulevers\u00e9e lorsque Jean-Michel, le fils de Georges (n\u00e9 d\u2019une relation pass\u00e9e), annonce son mariage avec Anne, la fille d\u2019un politicien ultra-conservateur et farouchement oppos\u00e9 aux valeurs d\u00e9fendues par le cabaret.<\/p>\n<p>Si vous avez manqu\u00e9 ce spectacle, <a href=\"https:\/\/www.tony-comedie.com\/critique\/la-cage-aux-folles-au-theatre-du-chatelet-paris\/\" target=\"_self\" rel=\"noopener\">n\u2019h\u00e9sitez pas<\/a> ! La Cage aux Folles sera jou\u00e9e \u00e0 la Seine Musicale du 30 octobre au 14 novembre 2026.<\/p>\n","protected":false},"excerpt":{"rendered":"Suite \u00e0 son succ\u00e8s au Th\u00e9\u00e2tre du Ch\u00e2telet, la com\u00e9die musicale La Cage aux Folles va connaitre une&hellip;\n","protected":false},"author":2,"featured_media":707717,"comment_status":"","ping_status":"","sticky":false,"template":"","format":"standard","meta":{"footnotes":""},"categories":[1888],"tags":[1111,1928,11,1927,1777,674,1011,27,12,1926,626,1925,25],"class_list":{"0":"post-707716","1":"post","2":"type-post","3":"status-publish","4":"format-standard","5":"has-post-thumbnail","7":"category-paris","8":"tag-actu","9":"tag-actu-paris","10":"tag-actualites","11":"tag-actualites-paris","12":"tag-eu","13":"tag-europe","14":"tag-fr","15":"tag-france","16":"tag-news","17":"tag-news-paris","18":"tag-paris","19":"tag-paris-news","20":"tag-republique-francaise"},"share_on_mastodon":{"url":"https:\/\/pubeurope.com\/@fr\/116004543750119770","error":""},"_links":{"self":[{"href":"https:\/\/www.europesays.com\/fr\/wp-json\/wp\/v2\/posts\/707716","targetHints":{"allow":["GET"]}}],"collection":[{"href":"https:\/\/www.europesays.com\/fr\/wp-json\/wp\/v2\/posts"}],"about":[{"href":"https:\/\/www.europesays.com\/fr\/wp-json\/wp\/v2\/types\/post"}],"author":[{"embeddable":true,"href":"https:\/\/www.europesays.com\/fr\/wp-json\/wp\/v2\/users\/2"}],"replies":[{"embeddable":true,"href":"https:\/\/www.europesays.com\/fr\/wp-json\/wp\/v2\/comments?post=707716"}],"version-history":[{"count":0,"href":"https:\/\/www.europesays.com\/fr\/wp-json\/wp\/v2\/posts\/707716\/revisions"}],"wp:featuredmedia":[{"embeddable":true,"href":"https:\/\/www.europesays.com\/fr\/wp-json\/wp\/v2\/media\/707717"}],"wp:attachment":[{"href":"https:\/\/www.europesays.com\/fr\/wp-json\/wp\/v2\/media?parent=707716"}],"wp:term":[{"taxonomy":"category","embeddable":true,"href":"https:\/\/www.europesays.com\/fr\/wp-json\/wp\/v2\/categories?post=707716"},{"taxonomy":"post_tag","embeddable":true,"href":"https:\/\/www.europesays.com\/fr\/wp-json\/wp\/v2\/tags?post=707716"}],"curies":[{"name":"wp","href":"https:\/\/api.w.org\/{rel}","templated":true}]}}