{"id":70777,"date":"2025-05-03T02:37:12","date_gmt":"2025-05-03T02:37:12","guid":{"rendered":"https:\/\/www.europesays.com\/fr\/70777\/"},"modified":"2025-05-03T02:37:12","modified_gmt":"2025-05-03T02:37:12","slug":"le-maroc-invite-dhonneur-du-forum-europe-afrique-le-6-mai-au-pharo","status":"publish","type":"post","link":"https:\/\/www.europesays.com\/fr\/70777\/","title":{"rendered":"le Maroc invit\u00e9 d&rsquo;honneur du Forum Europe Afrique, le 6 mai au Pharo"},"content":{"rendered":"<p>Le Forum Europe Afrique se d\u00e9roule ce mardi 6\u00a0mai \u00e0 <a href=\"https:\/\/www.laprovence.com\/ville\/marseille\" target=\"_blank\" rel=\"noopener\">Marseille<\/a>. Sous le th\u00e8me \u00ab\u00a0Innovons ensemble\u00a0\u00bb, cette quatri\u00e8me \u00e9dition propose un programme de d\u00e9bats et de tables rondes, avec un temps d\u00e9di\u00e9 au Maroc, pays invit\u00e9 d\u2019honneur de la journ\u00e9e organis\u00e9e au Pharo (7e). Fait exceptionnel, le roi du Maroc a accept\u00e9 d\u2019honorer de son haut patronage un \u00e9v\u00e9nement \u00e0 l\u2019ext\u00e9rieur du royaume du Maroc.<\/p>\n<p>Dans la continuit\u00e9 du <a href=\"https:\/\/www.laprovence.com\/article\/france-monde\/4976185397989814\/immigration-contrats-macron-poursuit-sa-visite-detat-au-maroc\" target=\"_blank\" rel=\"noopener\">voyage d\u2019\u00c9tat d\u2019Emmanuel Macron \u00e0 Rabat en octobre\u00a02024<\/a>, la M\u00e9tropole d\u2019Aix Marseille r\u00e9unira autour de sa pr\u00e9sidente, Martine Vassal, les acteurs de la relance \u00e9conomique sur le plan de l\u2019industrie, des transports et de la Tech des deux pays. L\u2019ambassadrice du Maroc en France, Samira Sita\u00efl, ainsi que les ministres de l\u2019Industrie et du commerce, et des transports, seront pr\u00e9sents.<\/p>\n<p>O.B.<br \/>\n\u00ab\u00a0Aux kiosques, citoyen.nes\u00a0\u00bb\u00a0: venez parler de l\u2019actualit\u00e9 en vrai<\/p>\n<p>Samedi 3\u00a0mai, rendez-vous aux kiosques pour acheter votre journal pr\u00e9f\u00e9r\u00e9 et \u00e9changer au passage avec celles et ceux qui font la presse. Pour la journ\u00e9e mondiale de la libert\u00e9 de la presse, des professionnels des m\u00e9dias attendent les lecteurs dans des kiosques de douze villes de France. En Provence, c\u2019est au kiosque de la <a href=\"https:\/\/www.laprovence.com\/article\/region\/2954779970048215\/marseille-trois-scenarios-envisages-pour-la-future-place-sebastopol\" target=\"_blank\" rel=\"noopener\">place S\u00e9bastopol<\/a>, \u00e0 Marseille (4e), que cette rencontre aura lieu.<\/p>\n<p>Entre 9 h et 15 h, des journalistes, de \u00ab\u00a0La Provence\u00a0\u00bb notamment, des diffuseurs mais aussi des \u00e9tudiants en journalisme seront pr\u00e9sents pour parler du traitement de l\u2019actualit\u00e9 et expliquer le parcours de l\u2019information jusqu\u2019\u00e0 la publication. Il sera aussi question de libert\u00e9 de la presse et de pluralisme.<\/p>\n<p>\u00ab\u00a0Nous voulons reconstituer un endroit de convivialit\u00e9 devant les kiosques, o\u00f9 l\u2019on s\u2019arr\u00eate et o\u00f9 l\u2019on parle de l\u2019actualit\u00e9, assure Carole Duffr\u00e9chou de l\u2019association Lumi\u00e8res sur l\u2019info, qui organise l\u2019\u00e9v\u00e9nement soutenu par l\u2019Unesco. D\u2019autant plus dans le contexte actuel o\u00f9 la libert\u00e9 de la presse est en danger.\u00a0\u00bb<\/p>\n<p>S.L.<br \/>\nLe Secours populaire f\u00eate ses 80\u00a0ans \u00e0 la Cit\u00e9 des arts de la rue<\/p>\n<p>Dimanche 4\u00a0mai, le Secours populaire invite \u00e0 une grande f\u00eate de la solidarit\u00e9 aux Aygalades. Son Mondjali Festival aura lieu de 10 h \u00e0 17 h \u00e0 la Cit\u00e9 des arts de la rue (225 avenue Ibrahim-Ali, 15e). L\u2019occasion de f\u00eater ses 80\u00a0ans au gr\u00e9 d\u2019animations pour tous, concerts, jeux coop\u00e9ratifs, march\u00e9 d\u2019artisans, visites guid\u00e9es, expositions et conf\u00e9rences.<\/p>\n","protected":false},"excerpt":{"rendered":"Le Forum Europe Afrique se d\u00e9roule ce mardi 6\u00a0mai \u00e0 Marseille. Sous le th\u00e8me \u00ab\u00a0Innovons ensemble\u00a0\u00bb, cette quatri\u00e8me&hellip;\n","protected":false},"author":2,"featured_media":70778,"comment_status":"","ping_status":"","sticky":false,"template":"","format":"standard","meta":{"footnotes":""},"categories":[2814],"tags":[17,1111,11,2826,17310,1777,674,5556,1011,27,508,2223,884,12,882,16,25],"class_list":{"0":"post-70777","1":"post","2":"type-post","3":"status-publish","4":"format-standard","5":"has-post-thumbnail","7":"category-marseille","8":"tag-17","9":"tag-actu","10":"tag-actualites","11":"tag-confidentiels","12":"tag-dhonneur","13":"tag-eu","14":"tag-europe","15":"tag-forum","16":"tag-fr","17":"tag-france","18":"tag-invite","19":"tag-maroc","20":"tag-marseille","21":"tag-news","22":"tag-provence-alpes-cote-dazur","23":"tag-region","24":"tag-republique-francaise"},"share_on_mastodon":{"url":"https:\/\/pubeurope.com\/@fr\/114441581055185567","error":""},"_links":{"self":[{"href":"https:\/\/www.europesays.com\/fr\/wp-json\/wp\/v2\/posts\/70777","targetHints":{"allow":["GET"]}}],"collection":[{"href":"https:\/\/www.europesays.com\/fr\/wp-json\/wp\/v2\/posts"}],"about":[{"href":"https:\/\/www.europesays.com\/fr\/wp-json\/wp\/v2\/types\/post"}],"author":[{"embeddable":true,"href":"https:\/\/www.europesays.com\/fr\/wp-json\/wp\/v2\/users\/2"}],"replies":[{"embeddable":true,"href":"https:\/\/www.europesays.com\/fr\/wp-json\/wp\/v2\/comments?post=70777"}],"version-history":[{"count":0,"href":"https:\/\/www.europesays.com\/fr\/wp-json\/wp\/v2\/posts\/70777\/revisions"}],"wp:featuredmedia":[{"embeddable":true,"href":"https:\/\/www.europesays.com\/fr\/wp-json\/wp\/v2\/media\/70778"}],"wp:attachment":[{"href":"https:\/\/www.europesays.com\/fr\/wp-json\/wp\/v2\/media?parent=70777"}],"wp:term":[{"taxonomy":"category","embeddable":true,"href":"https:\/\/www.europesays.com\/fr\/wp-json\/wp\/v2\/categories?post=70777"},{"taxonomy":"post_tag","embeddable":true,"href":"https:\/\/www.europesays.com\/fr\/wp-json\/wp\/v2\/tags?post=70777"}],"curies":[{"name":"wp","href":"https:\/\/api.w.org\/{rel}","templated":true}]}}