{"id":707824,"date":"2026-02-03T04:30:18","date_gmt":"2026-02-03T04:30:18","guid":{"rendered":"https:\/\/www.europesays.com\/fr\/707824\/"},"modified":"2026-02-03T04:30:18","modified_gmt":"2026-02-03T04:30:18","slug":"deux-passants-poignardes-dans-le-viie-a-une-heure-dintervalle-lagresseur-en-fuite","status":"publish","type":"post","link":"https:\/\/www.europesays.com\/fr\/707824\/","title":{"rendered":"Deux passants poignard\u00e9s dans le VIIe \u00e0 une heure d&rsquo;intervalle, l&rsquo;agresseur en fuite"},"content":{"rendered":"<p>Deux hommes ont \u00e9t\u00e9 bless\u00e9s \u00e0 coups de couteau en pleine rue,<br \/>\ndans le VIIe arrondissement de Paris, ce lundi en d\u00e9but<br \/>\nd&rsquo;apr\u00e8s-midi, \u00e0 une heure d&rsquo;intervalle. Deux violentes agressions \u00e0<br \/>\nl&rsquo;arme blanche sans raison particuli\u00e8re, selon les premiers<br \/>\n\u00e9l\u00e9ments. L&rsquo;une des victimes est gri\u00e8vement bless\u00e9e tandis que<br \/>\nl&rsquo;agresseur est recherch\u00e9 par les policiers, a appris<br \/>\nActu17.<\/p>\n<p>La premi\u00e8re agression s&rsquo;est d\u00e9roul\u00e9e vers 14h30 devant un foyer<br \/>\nCit\u00e9 Notre-Dame, situ\u00e9 rue de la Com\u00e8te. Un homme \u00e2g\u00e9 d&rsquo;une<br \/>\nquarantaine d&rsquo;ann\u00e9es qui venait de sortir de ce m\u00eame foyer a \u00e9t\u00e9<br \/>\nattaqu\u00e9 par un in<\/p>\n","protected":false},"excerpt":{"rendered":"Deux hommes ont \u00e9t\u00e9 bless\u00e9s \u00e0 coups de couteau en pleine rue, dans le VIIe arrondissement de Paris,&hellip;\n","protected":false},"author":2,"featured_media":707825,"comment_status":"","ping_status":"","sticky":false,"template":"","format":"standard","meta":{"footnotes":""},"categories":[1888],"tags":[1111,1928,11,1927,1777,674,1011,27,12,1926,626,1925,25],"class_list":{"0":"post-707824","1":"post","2":"type-post","3":"status-publish","4":"format-standard","5":"has-post-thumbnail","7":"category-paris","8":"tag-actu","9":"tag-actu-paris","10":"tag-actualites","11":"tag-actualites-paris","12":"tag-eu","13":"tag-europe","14":"tag-fr","15":"tag-france","16":"tag-news","17":"tag-news-paris","18":"tag-paris","19":"tag-paris-news","20":"tag-republique-francaise"},"share_on_mastodon":{"url":"https:\/\/pubeurope.com\/@fr\/116004823241469926","error":""},"_links":{"self":[{"href":"https:\/\/www.europesays.com\/fr\/wp-json\/wp\/v2\/posts\/707824","targetHints":{"allow":["GET"]}}],"collection":[{"href":"https:\/\/www.europesays.com\/fr\/wp-json\/wp\/v2\/posts"}],"about":[{"href":"https:\/\/www.europesays.com\/fr\/wp-json\/wp\/v2\/types\/post"}],"author":[{"embeddable":true,"href":"https:\/\/www.europesays.com\/fr\/wp-json\/wp\/v2\/users\/2"}],"replies":[{"embeddable":true,"href":"https:\/\/www.europesays.com\/fr\/wp-json\/wp\/v2\/comments?post=707824"}],"version-history":[{"count":0,"href":"https:\/\/www.europesays.com\/fr\/wp-json\/wp\/v2\/posts\/707824\/revisions"}],"wp:featuredmedia":[{"embeddable":true,"href":"https:\/\/www.europesays.com\/fr\/wp-json\/wp\/v2\/media\/707825"}],"wp:attachment":[{"href":"https:\/\/www.europesays.com\/fr\/wp-json\/wp\/v2\/media?parent=707824"}],"wp:term":[{"taxonomy":"category","embeddable":true,"href":"https:\/\/www.europesays.com\/fr\/wp-json\/wp\/v2\/categories?post=707824"},{"taxonomy":"post_tag","embeddable":true,"href":"https:\/\/www.europesays.com\/fr\/wp-json\/wp\/v2\/tags?post=707824"}],"curies":[{"name":"wp","href":"https:\/\/api.w.org\/{rel}","templated":true}]}}