{"id":70797,"date":"2025-05-03T02:49:14","date_gmt":"2025-05-03T02:49:14","guid":{"rendered":"https:\/\/www.europesays.com\/fr\/70797\/"},"modified":"2025-05-03T02:49:14","modified_gmt":"2025-05-03T02:49:14","slug":"donald-trump-annonce-un-defile-le-14-juin-le-meme-jour-que-son-anniversaire","status":"publish","type":"post","link":"https:\/\/www.europesays.com\/fr\/70797\/","title":{"rendered":"Donald Trump annonce un d\u00e9fil\u00e9 le 14 juin, le m\u00eame jour que&#8230; son anniversaire"},"content":{"rendered":"<p class=\"article-p mdl\">Le 14 juin 2025, <strong>les \u00c9tats-Unis organiseront un \u00ab\u00a0d\u00e9fil\u00e9 militaire\u00a0\u00bb, pour comm\u00e9morer les 250 ans de la cr\u00e9ation de l&rsquo;arm\u00e9e de terre am\u00e9ricaine<\/strong>. Selon la porte-parole de la Maison Blanche, Anna Kelly, Donald Trump entend \u00ab\u00a0rendre hommage aux v\u00e9t\u00e9rans am\u00e9ricains, aux membres des forces arm\u00e9es en activit\u00e9 et \u00e0 l&rsquo;histoire militaire\u00a0\u00bb, a-t-elle \u00e9crit sur le r\u00e9seau social X.<\/p>\n<p class=\"article-p mdl\">\u00ab\u00a0Le pr\u00e9sident pr\u00e9voit une c\u00e9l\u00e9bration historique du 250e anniversaire de l&rsquo;arm\u00e9e qui <strong>honorera des g\u00e9n\u00e9rations d&rsquo;Am\u00e9ricains altruistes<\/strong> qui ont tout risqu\u00e9 pour notre libert\u00e9\u00a0\u00bb, a expliqu\u00e9 le directeur du Conseil de politique int\u00e9rieure de la Maison Blanche, Vince Haley, aupr\u00e8s de\u00a0<a class=\"link\" href=\"https:\/\/www.foxnews.com\/politics\/trump-host-military-parade-celebrate-armys-250th-birthday-honor-active-duty-service-members-veterans\" target=\"_blank\" rel=\"noopener\">Fox News<\/a>. Cette date co\u00efncide \u00e9galement avec le 79e anniversaire de\u00a0<a class=\"link\" href=\"https:\/\/www.rtl.fr\/actu\/international\/video-j-aimerais-etre-pape-donald-trump-ironise-sur-la-possibilite-de-succeder-a-francois-7900500091\" title=\"VID\u00c9O - &quot;J\u2019aimerais \u00eatre pape&quot; : Donald Trump ironise sur la possibilit\u00e9 de succ\u00e9der \u00e0 Fran\u00e7ois\" target=\"_blank\" rel=\"noopener\">Donald Trump<\/a>.\u00a0<\/p>\n<p class=\"article-p mdl\">Le d\u00e9fil\u00e9 fait suite \u00e0 la signature par le pr\u00e9sident am\u00e9ricain, d&rsquo;un d\u00e9cret, en janvier, cr\u00e9ant la \u00ab\u00a0Task Force 250\u00a0\u00bb, charg\u00e9e de coordonner les plans et activit\u00e9s c\u00e9l\u00e9brant le 250e anniversaire de l&rsquo;ind\u00e9pendance am\u00e9ricaine. <strong>Le 250e anniversaire de la fondation des \u00c9tats-Unis aura lieu, quant \u00e0 lui, le 4 juillet 2026<\/strong>.<\/p>\n<p>    La r\u00e9daction vous recommande<\/p>\n<p class=\"s-newsletter__title\">\n                L\u2019actualit\u00e9 par la r\u00e9daction de RTL dans votre bo\u00eete mail.\n            <\/p>\n<p class=\"s-newsletter__subtitle\">\n                Gr\u00e2ce \u00e0 votre compte RTL abonnez-vous \u00e0 la newsletter RTL info pour suivre toute l&rsquo;actualit\u00e9 au quotidien\n            <\/p>\n<p>\n                                    Lire la suite\n                                <\/p>\n","protected":false},"excerpt":{"rendered":"Le 14 juin 2025, les \u00c9tats-Unis organiseront un \u00ab\u00a0d\u00e9fil\u00e9 militaire\u00a0\u00bb, pour comm\u00e9morer les 250 ans de la cr\u00e9ation&hellip;\n","protected":false},"author":2,"featured_media":70798,"comment_status":"","ping_status":"","sticky":false,"template":"","format":"standard","meta":{"footnotes":""},"categories":[1589],"tags":[11,16694,75,73,1866,107,12,1864,1865,1863,308],"class_list":{"0":"post-70797","1":"post","2":"type-post","3":"status-publish","4":"format-standard","5":"has-post-thumbnail","7":"category-etats-unis","8":"tag-actualites","9":"tag-defile","10":"tag-donald-trump","11":"tag-etats-unis","12":"tag-etats-unis-damerique","13":"tag-fil-info","14":"tag-news","15":"tag-united-states","16":"tag-united-states-of-america","17":"tag-us","18":"tag-usa"},"share_on_mastodon":{"url":"https:\/\/pubeurope.com\/@fr\/114441628110537048","error":""},"_links":{"self":[{"href":"https:\/\/www.europesays.com\/fr\/wp-json\/wp\/v2\/posts\/70797","targetHints":{"allow":["GET"]}}],"collection":[{"href":"https:\/\/www.europesays.com\/fr\/wp-json\/wp\/v2\/posts"}],"about":[{"href":"https:\/\/www.europesays.com\/fr\/wp-json\/wp\/v2\/types\/post"}],"author":[{"embeddable":true,"href":"https:\/\/www.europesays.com\/fr\/wp-json\/wp\/v2\/users\/2"}],"replies":[{"embeddable":true,"href":"https:\/\/www.europesays.com\/fr\/wp-json\/wp\/v2\/comments?post=70797"}],"version-history":[{"count":0,"href":"https:\/\/www.europesays.com\/fr\/wp-json\/wp\/v2\/posts\/70797\/revisions"}],"wp:featuredmedia":[{"embeddable":true,"href":"https:\/\/www.europesays.com\/fr\/wp-json\/wp\/v2\/media\/70798"}],"wp:attachment":[{"href":"https:\/\/www.europesays.com\/fr\/wp-json\/wp\/v2\/media?parent=70797"}],"wp:term":[{"taxonomy":"category","embeddable":true,"href":"https:\/\/www.europesays.com\/fr\/wp-json\/wp\/v2\/categories?post=70797"},{"taxonomy":"post_tag","embeddable":true,"href":"https:\/\/www.europesays.com\/fr\/wp-json\/wp\/v2\/tags?post=70797"}],"curies":[{"name":"wp","href":"https:\/\/api.w.org\/{rel}","templated":true}]}}