{"id":70811,"date":"2025-05-03T02:56:10","date_gmt":"2025-05-03T02:56:10","guid":{"rendered":"https:\/\/www.europesays.com\/fr\/70811\/"},"modified":"2025-05-03T02:56:10","modified_gmt":"2025-05-03T02:56:10","slug":"et-si-pour-la-coupe-du-monde-2026-les-bleus-portaient-un-maillot-vert","status":"publish","type":"post","link":"https:\/\/www.europesays.com\/fr\/70811\/","title":{"rendered":"et si, pour la Coupe du monde 2026, les Bleus portaient\u2026 un maillot vert\u00a0?"},"content":{"rendered":"<p>            Par<br \/>\n        <strong><br \/>\n            <a href=\"https:\/\/actu.fr\/auteur\/maxime-ponsot\" title=\"Consulter tous les articles de Maxime Ponsot\" rel=\"nofollow noopener\" target=\"_blank\">Maxime Ponsot<\/a><br \/>\n        <\/strong><\/p>\n<p>        Publi\u00e9 le<\/p>\n<p>            2 mai 2025 \u00e0 20h43        <\/p>\n<p>Les Bleus en vert\u2009? Ce serait peu commun, mais, selon le toujours tr\u00e8s bien inform\u00e9 <a href=\"https:\/\/www.footyheadlines.com\/2025\/04\/france-2026-away-kit.html\" rel=\"nofollow noopener\" target=\"_blank\">Footy Headlines<\/a>, site web de r\u00e9f\u00e9rence sur les maillots de football, l\u2019id\u00e9e serait dans les tuyaux.<\/p>\n<p class=\" wall-content\">Bien s\u00fbr, la tenue principale, dite \u00ab\u2009domicile\u2009\u00bb, resterait \u00e9videmment bleue, la couleur qui a donn\u00e9 le surnom aux joueurs de l\u2019\u00e9quipe de France (sinon o\u00f9 irait le monde\u2009?). C\u2019est le maillot \u00ab\u2009ext\u00e9rieur\u2009\u00bb \u2014 traditionnellement blanc mais qui a parfois vir\u00e9 au rouge au fil des saisons \u2014 qui pourrait bien \u00eatre nettement plus atypique pour <a href=\"https:\/\/actu.fr\/tag\/equipe-de-france-de-football\" rel=\"nofollow noopener\" target=\"_blank\">l\u2019EDF<\/a>.<\/p>\n<p class=\" wall-content\">Encore plus original, on parlerait en plus d\u2019un vert menthe. \u00ab\u2009Le maillot away Nike France 2026 pr\u00e9sentera un look frais et inattendu, avec une combinaison de couleurs vert menthe, noir et or\u2009\u00bb, croit savoir le site sp\u00e9cialis\u00e9.<\/p>\n<p>Du noir et du dor\u00e9\u2009sur le maillot\u2009?<\/p>\n<p class=\" wall-content\">Cela dit, ce dernier pr\u00e9cise\u2009: \u00ab\u2009Il n\u2019est pas encore certain que le vert menthe sera la couleur principale du maillot [\u2026]. Il est possible que le blanc reste la couleur de base et que le vert menthe, le noir et le dor\u00e9 soient utilis\u00e9s comme des couleurs d\u2019accentuation.\u2009\u00bb<\/p>\n<p class=\" wall-content\">On ne sait donc pas encore \u00e0 quoi va ressembler exactement ce deuxi\u00e8me maillot avec lequel jouera la bande \u00e0 Didier Deschamps. \u00ab\u2009Quoi qu\u2019il en soit, le vert menthe sera tr\u00e8s pr\u00e9sent dans le design du maillot\u2009\u00bb, assure n\u00e9anmoins Footy Headlines.<\/p>\n<p>Vid\u00e9os : en ce moment sur ActuPetit clin d\u2019\u0153il historique<\/p>\n<p class=\" wall-content\">Pourquoi un choix aussi curieux\u2009? Il s\u2019agirait en fait d\u2019un hommage, tout du moins d\u2019un clin d\u2019\u0153il \u00e0 l\u2019Histoire, pour le prochain Mondial. Car, pour rappel, en 2026, la comp\u00e9tition sera organis\u00e9e aux \u00c9tats-Unis, au Canada et au Mexique.<\/p>\n<p class=\" wall-content\">Et cette couleur ferait r\u00e9f\u00e9rence \u00e0 celle de la statue de la Libert\u00e9, construite et assembl\u00e9e en France et con\u00e7ue par le sculpteur Auguste Bartholdi, puis offerte par le peuple fran\u00e7ais aux \u00c9tats-Unis en 1886 et symbole de l\u2019amiti\u00e9 entre les deux nations.<\/p>\n<p class=\" wall-content\">\n<p class=\" wall-content\">Le journal <a href=\"https:\/\/www.lequipe.fr\/Football\/Actualites\/Un-maillot-exterieur-vert-menthe-pour-l-equipe-de-france-a-la-coupe-du-monde-2026\/1558016\" rel=\"nofollow noopener\" target=\"_blank\">L\u2019\u00c9quipe\u2009<\/a>rel\u00e8ve que <a href=\"https:\/\/actu.fr\/sports\/football\/ligue-des-nations-l-equipe-de-france-qualifiee-pour-les-demi-finales-quand-aura-lieu-le-prochain-match_62411418.html\" rel=\"nofollow noopener\" target=\"_blank\">l\u2019\u00e9quipe de France<\/a> avait d\u00e9j\u00e0 en partie arbor\u00e9 une couleur verte, exceptionnellement lors d\u2019une victoire face \u00e0 la Hongrie (3-1) en phase de groupes du Mondial 1978.<\/p>\n<p class=\" wall-content\">Suivez toute l\u2019actualit\u00e9 de vos villes et m\u00e9dias favoris en vous inscrivant \u00e0 <a href=\"https:\/\/moncompte.actu.fr\" title=\"D\u00e9couvez Mon Actu\" rel=\"nofollow noopener\" data-trk=\"{&quot;cta&quot;:{&quot;action&quot;:&quot;https:\\\/\\\/moncompte.actu.fr&quot;,&quot;category&quot;:&quot;mon compte&quot;,&quot;from&quot;:&quot;article footer&quot;,&quot;name&quot;:&quot;Mon actu&quot;,&quot;type&quot;:&quot;cta&quot;}}\" target=\"_blank\">Mon Actu<\/a>.<\/p>\n<ul class=\"ac-article-tag wall-content\">\n<li><a href=\"https:\/\/actu.fr\/tag\/equipe-de-france-de-football\" data-trk=\"{&quot;cta&quot;:{&quot;action&quot;:&quot;\\u00c9quipe de France de football&quot;,&quot;category&quot;:&quot;tag&quot;,&quot;from&quot;:&quot;article footer&quot;,&quot;name&quot;:&quot;\\u00c9quipe de France de football&quot;,&quot;type&quot;:&quot;cta&quot;}}\" rel=\"nofollow noopener\" target=\"_blank\">#\u00c9quipe de France de football<\/a><\/li>\n<\/ul>\n","protected":false},"excerpt":{"rendered":"Par Maxime Ponsot Publi\u00e9 le 2 mai 2025 \u00e0 20h43 Les Bleus en vert\u2009? Ce serait peu commun,&hellip;\n","protected":false},"author":2,"featured_media":70812,"comment_status":"","ping_status":"","sticky":false,"template":"","format":"standard","meta":{"footnotes":""},"categories":[4],"tags":[11,6713,63,1011,27,12,25,60],"class_list":{"0":"post-70811","1":"post","2":"type-post","3":"status-publish","4":"format-standard","5":"has-post-thumbnail","7":"category-france","8":"tag-actualites","9":"tag-equipe-de-france-de-football","10":"tag-football","11":"tag-fr","12":"tag-france","13":"tag-news","14":"tag-republique-francaise","15":"tag-sports"},"share_on_mastodon":{"url":"https:\/\/pubeurope.com\/@fr\/114441655634436692","error":""},"_links":{"self":[{"href":"https:\/\/www.europesays.com\/fr\/wp-json\/wp\/v2\/posts\/70811","targetHints":{"allow":["GET"]}}],"collection":[{"href":"https:\/\/www.europesays.com\/fr\/wp-json\/wp\/v2\/posts"}],"about":[{"href":"https:\/\/www.europesays.com\/fr\/wp-json\/wp\/v2\/types\/post"}],"author":[{"embeddable":true,"href":"https:\/\/www.europesays.com\/fr\/wp-json\/wp\/v2\/users\/2"}],"replies":[{"embeddable":true,"href":"https:\/\/www.europesays.com\/fr\/wp-json\/wp\/v2\/comments?post=70811"}],"version-history":[{"count":0,"href":"https:\/\/www.europesays.com\/fr\/wp-json\/wp\/v2\/posts\/70811\/revisions"}],"wp:featuredmedia":[{"embeddable":true,"href":"https:\/\/www.europesays.com\/fr\/wp-json\/wp\/v2\/media\/70812"}],"wp:attachment":[{"href":"https:\/\/www.europesays.com\/fr\/wp-json\/wp\/v2\/media?parent=70811"}],"wp:term":[{"taxonomy":"category","embeddable":true,"href":"https:\/\/www.europesays.com\/fr\/wp-json\/wp\/v2\/categories?post=70811"},{"taxonomy":"post_tag","embeddable":true,"href":"https:\/\/www.europesays.com\/fr\/wp-json\/wp\/v2\/tags?post=70811"}],"curies":[{"name":"wp","href":"https:\/\/api.w.org\/{rel}","templated":true}]}}