{"id":708240,"date":"2026-02-03T08:54:13","date_gmt":"2026-02-03T08:54:13","guid":{"rendered":"https:\/\/www.europesays.com\/fr\/708240\/"},"modified":"2026-02-03T08:54:13","modified_gmt":"2026-02-03T08:54:13","slug":"un-feu-gagne-lappartement-dun-immeuble-du-quartier-sud-gare-pompiers-et-police-sur-place","status":"publish","type":"post","link":"https:\/\/www.europesays.com\/fr\/708240\/","title":{"rendered":"un feu gagne l&rsquo;appartement d&rsquo;un immeuble du quartier Sud-Gare, pompiers et police sur place"},"content":{"rendered":"<p>                    Par<br \/>\n        <strong><br \/>\n            <a href=\"https:\/\/actu.fr\/auteur\/laurene-fertin\" title=\"Consulter tous les articles de Laur\u00e8ne Fertin\" rel=\"nofollow noopener\" target=\"_blank\">Laur\u00e8ne Fertin<\/a><br \/>\n                    <\/strong><\/p>\n<p>        Publi\u00e9 le<\/p>\n<p>            3 f\u00e9vr. 2026 \u00e0 9h07        <\/p>\n<p>Ce mardi 3\u00a0f\u00e9vrier 2026, un <strong>incendie<\/strong> s\u2019est d\u00e9clar\u00e9 au <strong>12, rue Alain-Bouchart<\/strong> dans le quartier Sud-Gare, \u00e0 Rennes. Les sapeurs-pompiers ont \u00e9t\u00e9 d\u00e9clench\u00e9s \u00e0 <strong>8h10.<\/strong><\/p>\n<p class=\" wall-content\">Selon le SDIS 35, <strong>un feu de d\u00e9tritus et de papiers<\/strong> a d\u00e9but\u00e9 dans une pi\u00e8ce de 15 m\u00b2 dans un appartement situ\u00e9 <strong>au 3e \u00e9tage<\/strong> de l\u2019immeuble, qui en compte quatre, au total.<\/p>\n<p>    <a href=\"https:\/\/www.google.com\/maps\/embed?pb=!3m2!1sfr!2sfr!4v1770105644080!5m2!1sfr!2sfr!6m8!1m7!1sgN7aFBvXlARGrQv2vkUzRg!2m2!1d48.10061511323867!2d-1.682993431996383!3f253.42833071866085!4f16.846538988124536!5f0.7820865974627469\" title=\"Ouvrie le lien\" rel=\"nofollow noopener\" target=\"_blank\">Cliquez ici pour visualiser le contenu<\/a><\/p>\n<p>Le locataire absent<\/p>\n<p class=\" wall-content\">Le feu a \u00e9t\u00e9 <strong>\u00e9teint<\/strong> \u00e0 l\u2019aide d\u2019une lance \u00e0 incendie. <strong>Une ventilation<\/strong> des locaux et des parties communes est en cours par les pompiers qui sont au nombre de <strong>20.<\/strong> <strong>Six v\u00e9hicules de secours<\/strong> ont \u00e9t\u00e9 engag\u00e9s. La <strong>police, Enedis<\/strong> ainsi que <strong>GRDF<\/strong> sont \u00e9galement mobilis\u00e9s.<\/p>\n<p class=\" wall-content\">Le <strong>locataire<\/strong> de l\u2019appartement est <strong>absent. Aucune victime<\/strong> n\u2019est \u00e0 d\u00e9plorer.<\/p>\n<p class=\" wall-content\">Personnalisez votre actualit\u00e9 en ajoutant vos villes et m\u00e9dias en favori avec <a href=\"https:\/\/moncompte.actu.fr\" title=\"D\u00e9couvez Mon Actu\" rel=\"nofollow noopener\" data-trk=\"{&quot;cta&quot;:{&quot;action&quot;:&quot;https:\\\/\\\/moncompte.actu.fr&quot;,&quot;category&quot;:&quot;mon compte&quot;,&quot;from&quot;:&quot;article footer&quot;,&quot;name&quot;:&quot;Mon actu&quot;,&quot;type&quot;:&quot;cta&quot;}}\" target=\"_blank\">Mon Actu<\/a>.<\/p>\n","protected":false},"excerpt":{"rendered":"Par Laur\u00e8ne Fertin Publi\u00e9 le 3 f\u00e9vr. 2026 \u00e0 9h07 Ce mardi 3\u00a0f\u00e9vrier 2026, un incendie s\u2019est d\u00e9clar\u00e9&hellip;\n","protected":false},"author":2,"featured_media":708241,"comment_status":"","ping_status":"","sticky":false,"template":"","format":"standard","meta":{"footnotes":"","_share_on_mastodon":"0"},"categories":[2821],"tags":[1111,11,829,1777,674,118,1011,27,1310,12,1311,584,25],"class_list":["post-708240","post","type-post","status-publish","format-standard","has-post-thumbnail","category-rennes","tag-actu","tag-actualites","tag-bretagne","tag-eu","tag-europe","tag-faits-divers","tag-fr","tag-france","tag-incendie","tag-news","tag-pompiers","tag-rennes","tag-republique-francaise"],"share_on_mastodon":{"url":"https:\/\/pubeurope.com\/@fr\/116005861369607958","error":""},"_links":{"self":[{"href":"https:\/\/www.europesays.com\/fr\/wp-json\/wp\/v2\/posts\/708240","targetHints":{"allow":["GET"]}}],"collection":[{"href":"https:\/\/www.europesays.com\/fr\/wp-json\/wp\/v2\/posts"}],"about":[{"href":"https:\/\/www.europesays.com\/fr\/wp-json\/wp\/v2\/types\/post"}],"author":[{"embeddable":true,"href":"https:\/\/www.europesays.com\/fr\/wp-json\/wp\/v2\/users\/2"}],"replies":[{"embeddable":true,"href":"https:\/\/www.europesays.com\/fr\/wp-json\/wp\/v2\/comments?post=708240"}],"version-history":[{"count":0,"href":"https:\/\/www.europesays.com\/fr\/wp-json\/wp\/v2\/posts\/708240\/revisions"}],"wp:featuredmedia":[{"embeddable":true,"href":"https:\/\/www.europesays.com\/fr\/wp-json\/wp\/v2\/media\/708241"}],"wp:attachment":[{"href":"https:\/\/www.europesays.com\/fr\/wp-json\/wp\/v2\/media?parent=708240"}],"wp:term":[{"taxonomy":"category","embeddable":true,"href":"https:\/\/www.europesays.com\/fr\/wp-json\/wp\/v2\/categories?post=708240"},{"taxonomy":"post_tag","embeddable":true,"href":"https:\/\/www.europesays.com\/fr\/wp-json\/wp\/v2\/tags?post=708240"}],"curies":[{"name":"wp","href":"https:\/\/api.w.org\/{rel}","templated":true}]}}