{"id":70849,"date":"2025-05-03T03:22:10","date_gmt":"2025-05-03T03:22:10","guid":{"rendered":"https:\/\/www.europesays.com\/fr\/70849\/"},"modified":"2025-05-03T03:22:10","modified_gmt":"2025-05-03T03:22:10","slug":"grand-nancy-le-heavy-week-end-revient-en-2025-pour-confirmer-la-reussite-de-2024","status":"publish","type":"post","link":"https:\/\/www.europesays.com\/fr\/70849\/","title":{"rendered":"Grand Nancy. Le Heavy Week-End revient en 2025 pour confirmer la r\u00e9ussite de 2024"},"content":{"rendered":"<p>En <a href=\"https:\/\/www.estrepublicain.fr\/culture-loisirs\/2023\/11\/30\/voici-le-nom-de-ces-legendes-du-metal-qui-vont-se-produire-au-nancy-open-air-durant-trois-jours\" target=\"_blank\" rel=\"noopener\">2023<\/a> , <a href=\"https:\/\/www.estrepublicain.fr\/culture-loisirs\/2024\/06\/21\/retour-sur-la-premiere-soiree-du-heavy-week-end-au-zenith-de-nancy\" target=\"_blank\" rel=\"noopener\">l\u2019annonce de la premi\u00e8re \u00e9dition, en juin\u00a02024, du Heavy Week-End<\/a> en a surpris plus d\u2019un. Et pour cause. <a href=\"https:\/\/www.heavyweekend.live\/\" target=\"_blank\" rel=\"noopener\">Un festival de musique metal, sur trois jours<\/a>, dans l\u2019amphith\u00e9\u00e2tre plein air du <a href=\"https:\/\/www.estrepublicain.fr\/p\/zenith-du-grand-nancy\" target=\"_blank\" rel=\"noopener\">Z\u00e9nith du Grand Nancy<\/a>, \u00e0 l\u2019occasion du Nancy Open Air 2024, a pris tout le monde court.<\/p>\n<p>Mais les lieux n\u2019ont pas \u00e9t\u00e9 choisis au hasard. <a href=\"https:\/\/www.estrepublicain.fr\/meurthe-et-moselle\/2013\/07\/08\/rammstein-met-le-feu\" target=\"_blank\" rel=\"noopener\">Rammstein<\/a> \u00a0 <a href=\"https:\/\/www.estrepublicain.fr\/edition-de-nancy-ville\/2017\/06\/08\/le-zenith-resiste-a-system-of-a-down\" target=\"_blank\" rel=\"noopener\">System of a Down<\/a> ou encore AC\/DC y ont pass\u00e9 une tignasse. Pour cette premi\u00e8re \u00e9dition, G\u00e9rard Drouot Productions (GDP) avait tabl\u00e9 sur des noms l\u00e9gendaires, connus du grand public. <a href=\"https:\/\/www.estrepublicain.fr\/culture-loisirs\/2024\/06\/23\/heavy-week-end-megadeth-et-deep-purple-cognent-fort\" target=\"_blank\" rel=\"noopener\">Deep Purple<\/a>, <a href=\"https:\/\/www.estrepublicain.fr\/culture-loisirs\/2024\/06\/23\/le-heavy-week-end-deja-en-orbite-avec-scorpions\" target=\"_blank\" rel=\"noopener\">Scorpions<\/a>, <a href=\"https:\/\/www.estrepublicain.fr\/culture-loisirs\/2024\/06\/23\/heavy-week-end-judas-priest-et-alice-cooper-au-programme-de-cette-3e-journee-vivez-la-avec-nous\" target=\"_blank\" rel=\"noopener\">Judas Priest<\/a>, Megadeth, Alice Cooper\u2026<\/p>\n<p>L\u2019objectif \u00e9tait de donner une large r\u00e9sonance au Heavy Week-end, premier du nom.<\/p>\n<p>Une salle unique en France<\/p>\n<p>\u00c0 trop \u00e9largir le spectre, une partie des metalleux, fans exigeants, et public de concert, a eu du mal \u00e0 s\u2019y retrouver. <a href=\"https:\/\/www.estrepublicain.fr\/culture-loisirs\/2025\/01\/17\/le-heavy-week-end-revient-et-poursuit-sa-montee-en-puissance\" target=\"_blank\" rel=\"noopener\">La venue des Am\u00e9ricains de Slipknot, en 2025, a recentr\u00e9 la programmation<\/a>. Un deuxi\u00e8me opus que <a href=\"https:\/\/www.estrepublicain.fr\/culture-loisirs\/2024\/06\/24\/vers-une-deuxieme-edition-matthieu-drouot-leve-le-voile\" target=\"_blank\" rel=\"noopener\">Matthieu Drouot, boss de GDP<\/a>, avait&#8230;<\/p>\n","protected":false},"excerpt":{"rendered":"En 2023 , l\u2019annonce de la premi\u00e8re \u00e9dition, en juin\u00a02024, du Heavy Week-End en a surpris plus d\u2019un.&hellip;\n","protected":false},"author":2,"featured_media":70850,"comment_status":"","ping_status":"","sticky":false,"template":"","format":"standard","meta":{"footnotes":""},"categories":[9635],"tags":[1111,11,1687,3602,1707,1704,1706,1705,10174,1777,674,1011,27,775,10061,10262,873,1702,12,25],"class_list":{"0":"post-70849","1":"post","2":"type-post","3":"status-publish","4":"format-standard","5":"has-post-thumbnail","7":"category-nancy","8":"tag-actu","9":"tag-actualites","10":"tag-culture-loisirs","11":"tag-edition-bar-le-duc","12":"tag-edition-luneville","13":"tag-edition-nancy-et-agglomeration","14":"tag-edition-pont-a-mousson","15":"tag-edition-toul","16":"tag-edition-verdun","17":"tag-eu","18":"tag-europe","19":"tag-fr","20":"tag-france","21":"tag-grand-est","22":"tag-maxeville","23":"tag-metropole-du-grand-nancy-54b5","24":"tag-musique","25":"tag-nancy","26":"tag-news","27":"tag-republique-francaise"},"share_on_mastodon":{"url":"https:\/\/pubeurope.com\/@fr\/114441757853705176","error":""},"_links":{"self":[{"href":"https:\/\/www.europesays.com\/fr\/wp-json\/wp\/v2\/posts\/70849","targetHints":{"allow":["GET"]}}],"collection":[{"href":"https:\/\/www.europesays.com\/fr\/wp-json\/wp\/v2\/posts"}],"about":[{"href":"https:\/\/www.europesays.com\/fr\/wp-json\/wp\/v2\/types\/post"}],"author":[{"embeddable":true,"href":"https:\/\/www.europesays.com\/fr\/wp-json\/wp\/v2\/users\/2"}],"replies":[{"embeddable":true,"href":"https:\/\/www.europesays.com\/fr\/wp-json\/wp\/v2\/comments?post=70849"}],"version-history":[{"count":0,"href":"https:\/\/www.europesays.com\/fr\/wp-json\/wp\/v2\/posts\/70849\/revisions"}],"wp:featuredmedia":[{"embeddable":true,"href":"https:\/\/www.europesays.com\/fr\/wp-json\/wp\/v2\/media\/70850"}],"wp:attachment":[{"href":"https:\/\/www.europesays.com\/fr\/wp-json\/wp\/v2\/media?parent=70849"}],"wp:term":[{"taxonomy":"category","embeddable":true,"href":"https:\/\/www.europesays.com\/fr\/wp-json\/wp\/v2\/categories?post=70849"},{"taxonomy":"post_tag","embeddable":true,"href":"https:\/\/www.europesays.com\/fr\/wp-json\/wp\/v2\/tags?post=70849"}],"curies":[{"name":"wp","href":"https:\/\/api.w.org\/{rel}","templated":true}]}}