{"id":708539,"date":"2026-02-03T11:54:09","date_gmt":"2026-02-03T11:54:09","guid":{"rendered":"https:\/\/www.europesays.com\/fr\/708539\/"},"modified":"2026-02-03T11:54:09","modified_gmt":"2026-02-03T11:54:09","slug":"securite-luci-lance-plusieurs-etudes-actualite","status":"publish","type":"post","link":"https:\/\/www.europesays.com\/fr\/708539\/","title":{"rendered":"S\u00e9curit\u00e9 : L&rsquo;UCI lance plusieurs \u00e9tudes &#8211; Actualit\u00e9"},"content":{"rendered":"<p>En plus de l&rsquo;appel \u00e0 projet sur les airbags, l&rsquo;Union cycliste internationale lance plusieurs \u00e9tudes sur la s\u00e9curit\u00e9 des courses sur route.<\/p>\n<p>L&rsquo;\u00c9cole Polytechnique de Milan lance une \u00e9tude sur le d\u00e9jantage des pneumatiques \u00ab\u00a0et plus largement sur les caract\u00e9ristiques des roues utilis\u00e9e dans le cyclisme de comp\u00e9tition ainsi que les combinaisons jante-pneu\u00a0\u00bb. Le sujet des jantes sans crochet a plusieurs fois \u00e9t\u00e9 \u00e9voqu\u00e9 pour la s\u00e9curit\u00e9 en course.<\/p>\n<p>La dynamique des chutes et l&rsquo;a\u00e9rodynamique vont \u00eatre \u00e9tudi\u00e9es par l&rsquo;Universit\u00e9 Heriot-Watt d\u2019\u00c9dimbourg, en \u00c9cosse, avec le support de l\u2019entreprise am\u00e9ricaine Ansys. Dans ce cadre une th\u00e8se va d\u00e9buter pour chercher \u00ab\u00a0des solutions destin\u00e9es \u00e0 am\u00e9liorer la s\u00e9curit\u00e9 des coureurs \u00e0 l\u2019aide de diff\u00e9rentes simulations num\u00e9riques\u00a0\u00bb.<\/p>\n<p>Enfin, l&rsquo;\u00e9tude sur les barri\u00e8res rentre dans sa phase finale promet l&rsquo;UCI.<\/p>\n","protected":false},"excerpt":{"rendered":"En plus de l&rsquo;appel \u00e0 projet sur les airbags, l&rsquo;Union cycliste internationale lance plusieurs \u00e9tudes sur la s\u00e9curit\u00e9&hellip;\n","protected":false},"author":2,"featured_media":708540,"comment_status":"","ping_status":"","sticky":false,"template":"","format":"standard","meta":{"footnotes":"","_share_on_mastodon":"0"},"categories":[1411],"tags":[834,828,836,829,837,827,83,826,824,823,1154,207,814,817,815,816,822,821,832,211,839,1011,27,820,818,819,835,831,830,833,838,60,212,208,825],"class_list":["post-708539","post","type-post","status-publish","format-standard","has-post-thumbnail","category-cyclisme","tag-attaque","tag-belgique","tag-braquet","tag-bretagne","tag-chute","tag-competition","tag-coupe-de-france","tag-coureur","tag-course-cyclisme","tag-course-cycliste","tag-cycling","tag-cyclisme","tag-direct","tag-direct-velo","tag-directvelo","tag-directvelo-com","tag-epreuve","tag-epreuve-cycliste","tag-federation-francaise-de-cyclisme","tag-ffc","tag-flandres","tag-fr","tag-france","tag-live","tag-live-course","tag-live-epreuve","tag-peloton","tag-radio-peloton","tag-radio-tour","tag-ravitaillement","tag-relance","tag-sports","tag-uci","tag-velo","tag-velos"],"share_on_mastodon":{"url":"https:\/\/pubeurope.com\/@fr\/116006568944334148","error":""},"_links":{"self":[{"href":"https:\/\/www.europesays.com\/fr\/wp-json\/wp\/v2\/posts\/708539","targetHints":{"allow":["GET"]}}],"collection":[{"href":"https:\/\/www.europesays.com\/fr\/wp-json\/wp\/v2\/posts"}],"about":[{"href":"https:\/\/www.europesays.com\/fr\/wp-json\/wp\/v2\/types\/post"}],"author":[{"embeddable":true,"href":"https:\/\/www.europesays.com\/fr\/wp-json\/wp\/v2\/users\/2"}],"replies":[{"embeddable":true,"href":"https:\/\/www.europesays.com\/fr\/wp-json\/wp\/v2\/comments?post=708539"}],"version-history":[{"count":0,"href":"https:\/\/www.europesays.com\/fr\/wp-json\/wp\/v2\/posts\/708539\/revisions"}],"wp:featuredmedia":[{"embeddable":true,"href":"https:\/\/www.europesays.com\/fr\/wp-json\/wp\/v2\/media\/708540"}],"wp:attachment":[{"href":"https:\/\/www.europesays.com\/fr\/wp-json\/wp\/v2\/media?parent=708539"}],"wp:term":[{"taxonomy":"category","embeddable":true,"href":"https:\/\/www.europesays.com\/fr\/wp-json\/wp\/v2\/categories?post=708539"},{"taxonomy":"post_tag","embeddable":true,"href":"https:\/\/www.europesays.com\/fr\/wp-json\/wp\/v2\/tags?post=708539"}],"curies":[{"name":"wp","href":"https:\/\/api.w.org\/{rel}","templated":true}]}}