{"id":708592,"date":"2026-02-03T12:24:13","date_gmt":"2026-02-03T12:24:13","guid":{"rendered":"https:\/\/www.europesays.com\/fr\/708592\/"},"modified":"2026-02-03T12:24:13","modified_gmt":"2026-02-03T12:24:13","slug":"suivez-le-8e-de-finale-de-coupe-de-france-en-live","status":"publish","type":"post","link":"https:\/\/www.europesays.com\/fr\/708592\/","title":{"rendered":"suivez le 8e de finale de Coupe de France en live"},"content":{"rendered":"<p>Un duel crucial entre deux \u00e9quipes en manque de confiance<\/p>\n<p>Les Marseillais jouent une partie de leur saison sur cette rencontre. Apr\u00e8s l&rsquo;\u00e9limination en Ligue des champions, l&rsquo;OM, distanc\u00e9 dans la lutte pour le titre en Ligue 1, a fait de cette Coupe de France son objectif principal afin de remporter un premier troph\u00e9e depuis 2012.<\/p>\n<p>En face, le Stade rennais est \u00e9galement une \u00e9quipe en tr\u00e8s mauvaise forme. Les Bretons n&rsquo;ont plus gagn\u00e9 depuis trois matchs et restent sur deux d\u00e9faites face \u00e0 Lorient (2-0) et Monaco (4-0).<\/p>\n<p>OM: \u00ab\u00a0On va vous encourager\u00a0\u00bb, \u00ab\u00a0interdiction de perdre face \u00e0 Rennes\u00a0\u00bb&#8230; 1h30 d&rsquo;\u00e9changes avec les supporters, mais une r\u00e9union \u00ab\u00a0plut\u00f4t calme\u00a0\u00bb<\/p>\n<p>La r\u00e9union entre environ 50 supporters des associations d\u2019un c\u00f4t\u00e9 et joueurs, staff et dirigeants de l\u2019autre s\u2019est pass\u00e9e sans tension particuli\u00e8re. Des \u00e9changes plut\u00f4t calmes ont permis \u00e0 l\u2019OM d\u2019avoir la conviction que le V\u00e9lodrome serait derri\u00e8re son \u00e9quipe pour le match contre Rennes.<\/p>\n<p>&gt;&gt; L&rsquo;article complet ici: <a href=\"https:\/\/rmcsport.bfmtv.com\/football\/clubs\/olympique-marseille\/om-on-va-vous-encourager-interdiction-de-perdre-face-a-rennes-1h30-d-echanges-avec-les-supporters-mais-une-reunion-plutot-calme_AV-202602020958.html\" title=\"OM: &quot;On va vous encourager&quot;, &quot;interdiction de perdre face \u00e0 Rennes&quot;... 1h30 d&#039;\u00e9changes avec les supporters, mais une r\u00e9union &quot;plut\u00f4t calme&quot;\" class=\"internal_link\" rel=\"nofollow noopener\" target=\"_blank\">\u00e0 l&rsquo;OM, 1h30 d&rsquo;\u00e9changes avec les supporters, mais une r\u00e9union \u00ab\u00a0plut\u00f4t calme\u00a0\u00bb<\/a><\/p>\n<p>Bonjour \u00e0 tous<\/p>\n<p>Bienvenue sur le site et l&rsquo;application de RMC Sport pour suivre en direct le 8e de finale de <a href=\"https:\/\/rmcsport.bfmtv.com\/football\/coupe-de-france\/\" target=\"_blank\" class=\"external_link\" rel=\"nofollow noopener\">Coupe de France<\/a> entre l&rsquo;<a href=\"https:\/\/rmcsport.bfmtv.com\/football\/clubs\/olympique-marseille\/\" target=\"_blank\" class=\"external_link\" rel=\"nofollow noopener\">OM<\/a> et Rennes. Coup d&rsquo;envoi \u00e0 21h10 ce mardi soir.<\/p>\n","protected":false},"excerpt":{"rendered":"Un duel crucial entre deux \u00e9quipes en manque de confiance Les Marseillais jouent une partie de leur saison&hellip;\n","protected":false},"author":2,"featured_media":708593,"comment_status":"","ping_status":"","sticky":false,"template":"","format":"standard","meta":{"footnotes":"","_share_on_mastodon":"0"},"categories":[2821],"tags":[1111,11,829,1777,674,1011,27,12,584,25],"class_list":["post-708592","post","type-post","status-publish","format-standard","has-post-thumbnail","category-rennes","tag-actu","tag-actualites","tag-bretagne","tag-eu","tag-europe","tag-fr","tag-france","tag-news","tag-rennes","tag-republique-francaise"],"share_on_mastodon":{"url":"https:\/\/pubeurope.com\/@fr\/116006687033098637","error":""},"_links":{"self":[{"href":"https:\/\/www.europesays.com\/fr\/wp-json\/wp\/v2\/posts\/708592","targetHints":{"allow":["GET"]}}],"collection":[{"href":"https:\/\/www.europesays.com\/fr\/wp-json\/wp\/v2\/posts"}],"about":[{"href":"https:\/\/www.europesays.com\/fr\/wp-json\/wp\/v2\/types\/post"}],"author":[{"embeddable":true,"href":"https:\/\/www.europesays.com\/fr\/wp-json\/wp\/v2\/users\/2"}],"replies":[{"embeddable":true,"href":"https:\/\/www.europesays.com\/fr\/wp-json\/wp\/v2\/comments?post=708592"}],"version-history":[{"count":0,"href":"https:\/\/www.europesays.com\/fr\/wp-json\/wp\/v2\/posts\/708592\/revisions"}],"wp:featuredmedia":[{"embeddable":true,"href":"https:\/\/www.europesays.com\/fr\/wp-json\/wp\/v2\/media\/708593"}],"wp:attachment":[{"href":"https:\/\/www.europesays.com\/fr\/wp-json\/wp\/v2\/media?parent=708592"}],"wp:term":[{"taxonomy":"category","embeddable":true,"href":"https:\/\/www.europesays.com\/fr\/wp-json\/wp\/v2\/categories?post=708592"},{"taxonomy":"post_tag","embeddable":true,"href":"https:\/\/www.europesays.com\/fr\/wp-json\/wp\/v2\/tags?post=708592"}],"curies":[{"name":"wp","href":"https:\/\/api.w.org\/{rel}","templated":true}]}}