{"id":708748,"date":"2026-02-03T13:55:09","date_gmt":"2026-02-03T13:55:09","guid":{"rendered":"https:\/\/www.europesays.com\/fr\/708748\/"},"modified":"2026-02-03T13:55:09","modified_gmt":"2026-02-03T13:55:09","slug":"le-parquet-de-paris-perquisitionne-les-bureaux-de-la-plateforme-x","status":"publish","type":"post","link":"https:\/\/www.europesays.com\/fr\/708748\/","title":{"rendered":"Le parquet de Paris perquisitionne les bureaux de la plateforme X"},"content":{"rendered":"<p>Le parquet de Paris a perquisitionn\u00e9 mardi les bureaux de la plateforme X d\u2019Elon Musk, dans le cadre d\u2019une enqu\u00eate pr\u00e9liminaire portant sur diverses infractions pr\u00e9sum\u00e9es, notamment la diffusion d\u2019images p\u00e9dopornographiques et d\u2019hypertrucages.<\/p>\n<p>L\u2019enqu\u00eate a \u00e9t\u00e9 ouverte en janvier de l\u2019ann\u00e9e derni\u00e8re par la cellule cybercriminalit\u00e9 du parquet, a-t-il indiqu\u00e9 dans un communiqu\u00e9. Elle porte notamment sur la \u00abcomplicit\u00e9\u00bb dans la d\u00e9tention d\u2019images de mineurs pr\u00e9sentant un caract\u00e8re p\u00e9dopornographique, des hypertrucages \u00e0 caract\u00e8re sexuel explicite, la contestation de crimes contre l\u2019humanit\u00e9 et la falsification du fonctionnement d\u2019un syst\u00e8me de traitement automatis\u00e9 de donn\u00e9es en bande organis\u00e9e. <\/p>\n<p>Le parquet a \u00e9galement convoqu\u00e9 Elon Musk et l\u2019ancienne pr\u00e9sidente et directrice g\u00e9n\u00e9rale Linda Yaccarino pour un entretien volontaire le 20\u00a0avril. Des employ\u00e9s de X ont \u00e9galement \u00e9t\u00e9 convoqu\u00e9s la m\u00eame semaine pour \u00eatre entendus comme t\u00e9moins, pr\u00e9cise le communiqu\u00e9. Linda Yaccarino a dirig\u00e9 X de mai\u00a02023 \u00e0 juillet\u00a02025.<\/p>\n<p>Un porte-parole de X n\u2019a pas r\u00e9pondu \u00e0 une demande de commentaires.<\/p>\n<p>Dans un message publi\u00e9 sur X, le parquet de Paris a annonc\u00e9 les perquisitions en cours dans les bureaux de l\u2019entreprise en France et a indiqu\u00e9 qu\u2019elle quittait la plateforme, invitant ses abonn\u00e9s \u00e0 la rejoindre sur d\u2019autres r\u00e9seaux sociaux.<\/p>\n<p>\u00abLa conduite de cette enqu\u00eate s\u2019inscrit \u00e0 ce stade dans une d\u00e9marche constructive, dans l\u2019objectif de garantir in fine la conformit\u00e9 de la plateforme X aux lois fran\u00e7aises, dans la mesure o\u00f9 elle op\u00e8re sur le territoire national\u00bb, a indiqu\u00e9 le parquet dans un communiqu\u00e9.<\/p>\n<p>Europol, l\u2019agence de police de l\u2019Union europ\u00e9enne, \u00abapporte son soutien aux autorit\u00e9s fran\u00e7aises dans cette affaire\u00bb, a indiqu\u00e9 Jan Op Gen Oorth, porte-parole d\u2019Europol, \u00e0 l\u2019Associated Press, sans donner plus de d\u00e9tails.<\/p>\n<p>L\u2019enqu\u00eate a \u00e9t\u00e9 ouverte dans la foul\u00e9e des r\u00e9v\u00e9lations d\u2019un parlementaire fran\u00e7ais selon lesquelles des algorithmes biais\u00e9s sur X \u00e9taient susceptibles d\u2019avoir perturb\u00e9 le fonctionnement d\u2019un syst\u00e8me automatis\u00e9 de traitement des donn\u00e9es.<\/p>\n<p><b>Publications n\u00e9gationnistes<\/b><\/p>\n<p>Elle a ensuite \u00e9t\u00e9 \u00e9largie apr\u00e8s que l\u2019agent conversationnel d\u2019intelligence artificielle d\u2019Elon Musk, Grok, a publi\u00e9 des messages niant la Shoah et diffus\u00e9 des hypertrucages \u00e0 caract\u00e8re sexuel explicite, indique le communiqu\u00e9. Le n\u00e9gationnisme est un d\u00e9lit en France.<\/p>\n<p>Dans une publication en fran\u00e7ais largement partag\u00e9e, Grok a affirm\u00e9 que les chambres \u00e0 gaz du camp d\u2019extermination d\u2019Auschwitz-Birkenau \u00e9taient con\u00e7ues pour la \u00abd\u00e9sinfection au Zyklon B contre le typhus\u00bb et non pour le massacre de masse \u2013 une affirmation longtemps associ\u00e9e au n\u00e9gationnisme.<\/p>\n<p>Dans des publications ult\u00e9rieures sur son compte X, l\u2019agent conversationnel a reconnu son erreur, indiqu\u00e9 avoir supprim\u00e9 sa r\u00e9ponse pr\u00e9c\u00e9dente et cit\u00e9 des preuves historiques attestant que le Zyklon B avait \u00e9t\u00e9 utilis\u00e9 dans les chambres \u00e0 gaz d\u2019Auschwitz pour tuer plus d\u2019un million de personnes.<\/p>\n<p>Grok est connu pour ses propos antis\u00e9mites. Apr\u00e8s des plaintes, la soci\u00e9t\u00e9 d\u2019Elon Musk avait supprim\u00e9 des publications de l\u2019agent qui semblaient faire l\u2019\u00e9loge d\u2019Adolf Hitler.<\/p>\n<p><b>Pressions de l\u2019Europe<\/b><\/p>\n<p>X fait \u00e9galement l\u2019objet de pressions de l\u2019Union europ\u00e9enne. L\u2019organe ex\u00e9cutif du bloc de 27\u00a0pays a ouvert une enqu\u00eate le mois dernier apr\u00e8s la diffusion par Grok d\u2019hypertrucages \u00e0 caract\u00e8re sexuel non consensuels sur la plateforme.<\/p>\n<p>Bruxelles a d\u00e9j\u00e0 inflig\u00e9 \u00e0 X une amende de 120\u00a0millions d\u2019euros pour non-respect de la r\u00e9glementation num\u00e9rique europ\u00e9enne, notamment concernant l\u2019utilisation de badges bleus qui enfreignaient les r\u00e8gles relatives aux \u00abpratiques commerciales trompeuses\u00bb et risquaient d\u2019exposer les utilisateurs \u00e0 des escroqueries et \u00e0 des manipulations.<\/p>\n","protected":false},"excerpt":{"rendered":"Le parquet de Paris a perquisitionn\u00e9 mardi les bureaux de la plateforme X d\u2019Elon Musk, dans le cadre&hellip;\n","protected":false},"author":2,"featured_media":708749,"comment_status":"","ping_status":"","sticky":false,"template":"","format":"standard","meta":{"footnotes":"","_share_on_mastodon":"0"},"categories":[1888],"tags":[1111,1928,11,1927,1777,674,1011,27,4574,25179,4575,1854,20106,12,1926,626,1925,25],"class_list":["post-708748","post","type-post","status-publish","format-standard","has-post-thumbnail","category-paris","tag-actu","tag-actu-paris","tag-actualites","tag-actualites-paris","tag-eu","tag-europe","tag-fr","tag-france","tag-https-lactualite-com-sujet-affaires","tag-https-lactualite-com-sujet-culture-arts","tag-https-lactualite-com-sujet-economie","tag-https-lactualite-com-sujet-international","tag-https-lactualite-com-sujet-justice","tag-news","tag-news-paris","tag-paris","tag-paris-news","tag-republique-francaise"],"share_on_mastodon":{"url":"https:\/\/pubeurope.com\/@fr\/116007044657121926","error":""},"_links":{"self":[{"href":"https:\/\/www.europesays.com\/fr\/wp-json\/wp\/v2\/posts\/708748","targetHints":{"allow":["GET"]}}],"collection":[{"href":"https:\/\/www.europesays.com\/fr\/wp-json\/wp\/v2\/posts"}],"about":[{"href":"https:\/\/www.europesays.com\/fr\/wp-json\/wp\/v2\/types\/post"}],"author":[{"embeddable":true,"href":"https:\/\/www.europesays.com\/fr\/wp-json\/wp\/v2\/users\/2"}],"replies":[{"embeddable":true,"href":"https:\/\/www.europesays.com\/fr\/wp-json\/wp\/v2\/comments?post=708748"}],"version-history":[{"count":0,"href":"https:\/\/www.europesays.com\/fr\/wp-json\/wp\/v2\/posts\/708748\/revisions"}],"wp:featuredmedia":[{"embeddable":true,"href":"https:\/\/www.europesays.com\/fr\/wp-json\/wp\/v2\/media\/708749"}],"wp:attachment":[{"href":"https:\/\/www.europesays.com\/fr\/wp-json\/wp\/v2\/media?parent=708748"}],"wp:term":[{"taxonomy":"category","embeddable":true,"href":"https:\/\/www.europesays.com\/fr\/wp-json\/wp\/v2\/categories?post=708748"},{"taxonomy":"post_tag","embeddable":true,"href":"https:\/\/www.europesays.com\/fr\/wp-json\/wp\/v2\/tags?post=708748"}],"curies":[{"name":"wp","href":"https:\/\/api.w.org\/{rel}","templated":true}]}}