{"id":70886,"date":"2025-05-03T03:47:14","date_gmt":"2025-05-03T03:47:14","guid":{"rendered":"https:\/\/www.europesays.com\/fr\/70886\/"},"modified":"2025-05-03T03:47:14","modified_gmt":"2025-05-03T03:47:14","slug":"les-unions-locales-de-la-cgt-font-la-fete-pour-mieux-sunir","status":"publish","type":"post","link":"https:\/\/www.europesays.com\/fr\/70886\/","title":{"rendered":"Les unions locales de la CGT font la f\u00eate pour mieux s\u2019unir"},"content":{"rendered":"\n<p>C\u2019est important que l\u2019on puisse se retrouver apr\u00e8s la manifestation, pour pouvoir mieux \u00e9changer \u00bb. A l\u2019ombre des arbres qui bordent la halle Ambroise-Croizat, dans le 3e arrondissement Guillaume Algrin, secr\u00e9taire g\u00e9n\u00e9ral de l\u2019union locale (UL) Sud, finit de pr\u00e9parer la sc\u00e8ne. Concert, prises de parole, stand associatif et buvette&#8230; Les cinq unions locales de Marseille se sont rassembl\u00e9es pour organiser un moment festif d\u00e8s midi \u00e0 la suite de la manifestation ce 1er mai.<\/p>\n<p>Un moment privil\u00e9gi\u00e9 pour la plupart des participants, qui y trouvent l\u2019occasion de rencontrer d\u2019autres syndicalistes. \u00ab C\u2019\u00e9tait logique de venir ici apr\u00e8s la manifestation. \u00e7a permet de rencontrer d\u2019autres camarades, parce que m\u00eame si je suis \u00e0 la CGT, je ne connais pas tout le monde \u00bb, explique C\u00e9cile, membre de la CGT Caisse primaire d\u2019assurance maladie (CPAM 13) et de l\u2019union locale de Marseille centre. Ce que confirme plus tard Emilie, sympathisante de la CGT : \u00ab En manifestation, on est tous ensemble mais on n\u2019a pas le temps de vraiment rencontrer les gens, alors que l\u00e0, on peut \u00bb.<\/p>\n<p> Dans un ancien quartier industriel tr\u00e8s d\u00e9favoris\u00e9\n              <\/p>\n<p>Cet \u00e9v\u00e9nement permet \u00e9galement une petite parenth\u00e8se dans les attaques de plus en plus importantes contre les conquis sociaux. \u00ab Cela permet de remettre un peu de joie, avec ce qu\u2019on vit aujourd\u2019hui, soupire Mehdi Bejaoui, membre de la CGT pr\u00e9vention s\u00e9curit\u00e9. On peut \u00e9vacuer toutes les choses atroces qui se passent. C\u2019est notre moment \u00e0 nous [les travailleurs]. \u00bb L\u2019\u00e9v\u00e9nement intrigue quelques voisins qui observent ou rejoignent la f\u00eate. \u00ab On est dans un quartier tr\u00e8s d\u00e9favoris\u00e9. C\u2019est important que l\u2019on fasse cela ici car \u00e7a permet \u00e0 ces personnes d\u2019avoir acc\u00e8s \u00e0 des associations comme Aide aux populations pr\u00e9caires et immigr\u00e9es\u00a0\u00bb, d\u00e9veloppe Guillaume Algrin. Une localisation d\u2019autant plus signifiante que le quartier est historiquement un quartier de travailleurs. \u00ab\u00a0C\u2019\u00e9tait autrefois un poumon industriel et qui est devenu le plus pauvre d\u2019Europe \u00bb, pr\u00e9cise Mehdi Bejaoui.<\/p>\n<p>Le nom de la halle n\u2019a pas non plus \u00e9t\u00e9 laiss\u00e9 au hasard puisqu\u2019Ambroise Croizat est le fondateur de la s\u00e9curit\u00e9 sociale. \u00ab Cette ann\u00e9e, on f\u00eate les 80 ans de la s\u00e9curit\u00e9 sociale, donc on pouvait pas faire la f\u00eate ailleurs qu\u2019ici \u00bb, explique Jean-Marie Angeli, secr\u00e9taire g\u00e9n\u00e9ral de la CGT CPAM\u00a013.<\/p>\n<p>La pr\u00e9sence des drapeaux de la Palestine et de la Kanaky rappellent l\u2019internationalisme de cette journ\u00e9e de lutte pour le droit des travailleurs et des travailleuses. Les b\u00e9n\u00e9fices de cet \u00e9v\u00e9nement seront d\u2019ailleurs revers\u00e9s \u00e0 l\u2019association R\u00e9sistance et solidarit\u00e9 pour un h\u00f4pital de campagne \u00e0 Gaza. \u00ab Chaque centime d\u2019euro va directement \u00e0 Gaza pour aider \u00e0 financer cet h\u00f4pital, alors que la plupart ont \u00e9t\u00e9 d\u00e9truits \u00bb, explique Aur\u00e9lien David, tr\u00e9sorier de l\u2019association.<\/p>\n<p>Denis Eychenne, membre de l\u2019union locale de Saint-Lazare se f\u00e9licite de cet \u00e9v\u00e8nement : \u00ab\u00a0C\u2019est essentiel d\u2019arriver \u00e0 se retrouver, dans ce contexte de recul social. D\u2019autant plus que la quasi totalit\u00e9 des politiques ne rejette plus le capitalisme \u00bb.<\/p>\n","protected":false},"excerpt":{"rendered":"C\u2019est important que l\u2019on puisse se retrouver apr\u00e8s la manifestation, pour pouvoir mieux \u00e9changer \u00bb. A l\u2019ombre des&hellip;\n","protected":false},"author":2,"featured_media":70887,"comment_status":"","ping_status":"","sticky":false,"template":"","format":"standard","meta":{"footnotes":""},"categories":[2814],"tags":[1111,11,1271,1777,674,1011,27,884,12,882,25],"class_list":{"0":"post-70886","1":"post","2":"type-post","3":"status-publish","4":"format-standard","5":"has-post-thumbnail","7":"category-marseille","8":"tag-actu","9":"tag-actualites","10":"tag-cgt","11":"tag-eu","12":"tag-europe","13":"tag-fr","14":"tag-france","15":"tag-marseille","16":"tag-news","17":"tag-provence-alpes-cote-dazur","18":"tag-republique-francaise"},"share_on_mastodon":{"url":"https:\/\/pubeurope.com\/@fr\/114441856203043271","error":""},"_links":{"self":[{"href":"https:\/\/www.europesays.com\/fr\/wp-json\/wp\/v2\/posts\/70886","targetHints":{"allow":["GET"]}}],"collection":[{"href":"https:\/\/www.europesays.com\/fr\/wp-json\/wp\/v2\/posts"}],"about":[{"href":"https:\/\/www.europesays.com\/fr\/wp-json\/wp\/v2\/types\/post"}],"author":[{"embeddable":true,"href":"https:\/\/www.europesays.com\/fr\/wp-json\/wp\/v2\/users\/2"}],"replies":[{"embeddable":true,"href":"https:\/\/www.europesays.com\/fr\/wp-json\/wp\/v2\/comments?post=70886"}],"version-history":[{"count":0,"href":"https:\/\/www.europesays.com\/fr\/wp-json\/wp\/v2\/posts\/70886\/revisions"}],"wp:featuredmedia":[{"embeddable":true,"href":"https:\/\/www.europesays.com\/fr\/wp-json\/wp\/v2\/media\/70887"}],"wp:attachment":[{"href":"https:\/\/www.europesays.com\/fr\/wp-json\/wp\/v2\/media?parent=70886"}],"wp:term":[{"taxonomy":"category","embeddable":true,"href":"https:\/\/www.europesays.com\/fr\/wp-json\/wp\/v2\/categories?post=70886"},{"taxonomy":"post_tag","embeddable":true,"href":"https:\/\/www.europesays.com\/fr\/wp-json\/wp\/v2\/tags?post=70886"}],"curies":[{"name":"wp","href":"https:\/\/api.w.org\/{rel}","templated":true}]}}