{"id":708861,"date":"2026-02-03T15:05:11","date_gmt":"2026-02-03T15:05:11","guid":{"rendered":"https:\/\/www.europesays.com\/fr\/708861\/"},"modified":"2026-02-03T15:05:11","modified_gmt":"2026-02-03T15:05:11","slug":"jacob-elordi-et-margot-robbie-enflamment-paris-avec-hurlevent","status":"publish","type":"post","link":"https:\/\/www.europesays.com\/fr\/708861\/","title":{"rendered":"Jacob Elordi et Margot Robbie enflamment Paris avec \u00ab Hurlevent \u00bb"},"content":{"rendered":"<p class=\"mb-4 text-lg md:leading-8 break-words\">Ils forment l\u2019un des couples les plus sexy d\u2019Hollywood. S\u2019ils ne sont qu\u2019amis dans la vie, Jacob Elordi et Margot Robbie ont jou\u00e9 la carte de la complicit\u00e9 pour l\u2019avant-premi\u00e8re parisienne de \u00ab\u00a0Hurlevent\u00a0\u00bb, lundi 2\u00a0f\u00e9vrier au mythique Grand Rex. Dans cette version moderne du chef d\u2019\u0153uvre d\u2019Emily Bront\u00eb qu\u2019a mise en sc\u00e8ne la r\u00e9alisatrice britannique Emerald Fennell (\u00ab\u00a0Saltburn\u00a0\u00bb), Jacob Elordi et <a href=\"https:\/\/www.parismatch.com\/bio\/margot-robbie\" rel=\"nofollow noopener\" target=\"_blank\" data-ylk=\"slk:Margot Robbie \u00a0;elm:context_link;itc:0;sec:content-canvas\" class=\"link \">Margot Robbie \u00a0<\/a>reprennent les r\u00f4les de Heathcliff et Catherine Earnshaw pour une grande histoire d\u2019amour entre la fille d\u2019un riche propri\u00e9taire terrien et l\u2019orphelin que ce dernier recueille. De grands sentiments et de grandes esp\u00e9rances que le public fran\u00e7ais pourra d\u00e9couvrir le 11\u00a0f\u00e9vrier prochain, trois jours avant la Saint-Valentin.<\/p>\n<p class=\"mb-4 text-lg md:leading-8 break-words\">\u00c0 lire aussi <a href=\"https:\/\/www.parismatch.com\/People\/regards-tendres-et-sourires-complices-jacob-elordi-et-margot-robbie-sous-le-charme-a-los-angeles-263721\" rel=\"nofollow noopener\" target=\"_blank\" data-ylk=\"slk:Regards tendres et sourires complices, Jacob Elordi et Margot Robbie sous le charme \u00e0 Los Angeles;elm:context_link;itc:0;sec:content-canvas\" class=\"link \">Regards tendres et sourires complices, Jacob Elordi et Margot Robbie sous le charme \u00e0 Los Angeles <\/a><\/p>\n<p>Jacob Elordi futur James Bond<\/p>\n<p class=\"mb-4 text-lg md:leading-8 break-words\">Le grand (par la taille et le talent) acteur australien, a d\u00e9j\u00e0 interpr\u00e9t\u00e9 deux l\u00e9gendes au cin\u00e9ma &#8211; <a href=\"https:\/\/www.parismatch.com\/bio\/elvis-presley\" rel=\"nofollow noopener\" target=\"_blank\" data-ylk=\"slk:Elvis Presley;elm:context_link;itc:0;sec:content-canvas\" class=\"link \">Elvis Presley<\/a> devant la cam\u00e9ra de Sofia Coppola dans \u00ab\u00a0Priscilla\u00a0\u00bb et la cr\u00e9ature de \u00ab\u00a0Frankenstein\u00a0\u00bb pour Guillermo del Toro &#8211; est aujourd\u2019hui pressenti pour interpr\u00e9ter James Bond. <a href=\"https:\/\/www.parismatch.com\/bio\/jacob-elordi\" rel=\"nofollow noopener\" target=\"_blank\" data-ylk=\"slk:Jacob Elordi;elm:context_link;itc:0;sec:content-canvas\" class=\"link \">Jacob Elordi<\/a> aurait pass\u00e9 des essais avec Denis Villeneuve, le r\u00e9alisateur canadien qui doit relancer la franchise de l\u2019agent secret pr\u00e9f\u00e9r\u00e9 de sa Majest\u00e9. \u00c9galement australienne, Margot Robbie est quant \u00e0 elle presse&#8230;<\/p>\n<p class=\"mb-4 text-lg md:leading-8 break-words\"><a href=\"https:\/\/www.parismatch.com\/People\/jacob-elordi-et-margot-robbie-enflamment-paris-avec-hurlevent-263914?at_medium=affiliate&amp;at_campaign=Yahoo\" rel=\"nofollow noopener\" target=\"_blank\" data-ylk=\"slk:Lire la suite sur ParisMatch;elm:context_link;itc:0;sec:content-canvas\" class=\"link \">Lire la suite sur ParisMatch<\/a><\/p>\n","protected":false},"excerpt":{"rendered":"Ils forment l\u2019un des couples les plus sexy d\u2019Hollywood. S\u2019ils ne sont qu\u2019amis dans la vie, Jacob Elordi&hellip;\n","protected":false},"author":2,"featured_media":708862,"comment_status":"","ping_status":"","sticky":false,"template":"","format":"standard","meta":{"footnotes":""},"categories":[1888],"tags":[1111,1928,11,1927,80115,50397,1777,674,1011,27,35104,50081,12,1926,626,1925,25],"class_list":{"0":"post-708861","1":"post","2":"type-post","3":"status-publish","4":"format-standard","5":"has-post-thumbnail","7":"category-paris","8":"tag-actu","9":"tag-actu-paris","10":"tag-actualites","11":"tag-actualites-paris","12":"tag-catherine-earnshaw","13":"tag-emerald-fennell","14":"tag-eu","15":"tag-europe","16":"tag-fr","17":"tag-france","18":"tag-jacob-elordi","19":"tag-margot-robbie","20":"tag-news","21":"tag-news-paris","22":"tag-paris","23":"tag-paris-news","24":"tag-republique-francaise"},"share_on_mastodon":{"url":"https:\/\/pubeurope.com\/@fr\/116007320024835684","error":""},"_links":{"self":[{"href":"https:\/\/www.europesays.com\/fr\/wp-json\/wp\/v2\/posts\/708861","targetHints":{"allow":["GET"]}}],"collection":[{"href":"https:\/\/www.europesays.com\/fr\/wp-json\/wp\/v2\/posts"}],"about":[{"href":"https:\/\/www.europesays.com\/fr\/wp-json\/wp\/v2\/types\/post"}],"author":[{"embeddable":true,"href":"https:\/\/www.europesays.com\/fr\/wp-json\/wp\/v2\/users\/2"}],"replies":[{"embeddable":true,"href":"https:\/\/www.europesays.com\/fr\/wp-json\/wp\/v2\/comments?post=708861"}],"version-history":[{"count":0,"href":"https:\/\/www.europesays.com\/fr\/wp-json\/wp\/v2\/posts\/708861\/revisions"}],"wp:featuredmedia":[{"embeddable":true,"href":"https:\/\/www.europesays.com\/fr\/wp-json\/wp\/v2\/media\/708862"}],"wp:attachment":[{"href":"https:\/\/www.europesays.com\/fr\/wp-json\/wp\/v2\/media?parent=708861"}],"wp:term":[{"taxonomy":"category","embeddable":true,"href":"https:\/\/www.europesays.com\/fr\/wp-json\/wp\/v2\/categories?post=708861"},{"taxonomy":"post_tag","embeddable":true,"href":"https:\/\/www.europesays.com\/fr\/wp-json\/wp\/v2\/tags?post=708861"}],"curies":[{"name":"wp","href":"https:\/\/api.w.org\/{rel}","templated":true}]}}