{"id":70894,"date":"2025-05-03T03:53:09","date_gmt":"2025-05-03T03:53:09","guid":{"rendered":"https:\/\/www.europesays.com\/fr\/70894\/"},"modified":"2025-05-03T03:53:09","modified_gmt":"2025-05-03T03:53:09","slug":"attention-a-la-fermeture-de-la3-et-la86-des-20-heures-ce-vendredi-et-ce-samedi","status":"publish","type":"post","link":"https:\/\/www.europesays.com\/fr\/70894\/","title":{"rendered":"Attention \u00e0 la fermeture de l\u2019A3 et l\u2019A86 d\u00e8s 20\u00a0heures ce vendredi et ce samedi"},"content":{"rendered":"<p class=\"paragraph text_align_left\">Le week-end du pont du 1er Mai pourrait \u00eatre synonyme de bouchons ce vendredi soir du c\u00f4t\u00e9 de la Seine-Saint-Denis. En cause : des travaux d\u2019\u00e9tanch\u00e9it\u00e9 sur un ouvrage situ\u00e9 \u00e0 Noisy-le-Sec. Pour assurer ce chantier, une partie des autoroutes A3 et A86 vont \u00eatre ferm\u00e9es ce vendredi soir \u00e0 partir de 20 heures et jusqu\u2019\u00e0 13 heures demain.<\/p>\n<p class=\"paragraph text_align_left\">L\u2019A3 sera interdite aux voitures dans le sens Paris province entre la porte de Bagnolet et Bondy. Sur l\u2019A86, la circulation sera coup\u00e9e entre porte de Bagnolet et Bobigny dans le sens province Paris.<\/p>\n<p class=\"paragraph text_align_left\">Le trafic pourrait \u00eatre aussi ralenti autour du Stade de France \u00e0 Saint-Denis puisque ce vendredi et ce samedi, l\u2019enceinte accueille le rappeur <a href=\"https:\/\/www.leparisien.fr\/paris-75\/paris-le-rappeur-ninho-ouvre-son-restaurant-gastronomique-sur-les-champs-elysees-17-04-2024-5TTSJDSXRNBRXL5IKFZTZFWZTQ.php\" target=\"_blank\" rel=\"nofollow noopener\">Ninho<\/a> pour deux soir\u00e9es de concerts.<\/p>\n<p>Plusieurs itin\u00e9raires bis conseill\u00e9s<\/p>\n<p class=\"paragraph text_align_left\">La Dirif (Direction des routes d\u2019\u00cele-de-France) conseille aux automobilistes plusieurs itin\u00e9raires de d\u00e9viation pour \u00e9viter de se retrouver coinc\u00e9s dans les embouteillages.<\/p>\n<p class=\"paragraph text_align_left\">Les conducteurs peuvent ainsi prendre depuis la porte de Bagnolet la sortie A1 en direction de Lille\/Charles-de-Gaulle pour continuer sur l\u2019A1 et rejoindre ensuite l\u2019A3 \u00e0 Aulnay-sous-Bois.<\/p>\n<p class=\"paragraph text_align_left\">Autre solution possible : depuis l\u2019A4\/A86 \u00e0 Saint-Maurice, les automobilistes peuvent \u00e0 la porte de Bercy prendre le boulevard p\u00e9riph\u00e9rique ext\u00e9rieur puis prendre la sortie A1 en direction de Lille\/Charles-de-Gaulle pour rouler sur l\u2019autoroute A1 et rallier ensuite l\u2019A3.<\/p>\n<p class=\"paragraph text_align_left\">Des alternatives qui seront encore valables ce samedi soir puisque le chantier d\u2019entretien du pont de Noisy-le-Sec reprendra samedi et que les portions de l\u2019A3 et l\u2019A86 seront \u00e0 nouveau ferm\u00e9es \u00e0 la circulation entre 20 heures et jusqu\u2019\u00e0 dimanche 13 heures.<\/p>\n","protected":false},"excerpt":{"rendered":"Le week-end du pont du 1er Mai pourrait \u00eatre synonyme de bouchons ce vendredi soir du c\u00f4t\u00e9 de&hellip;\n","protected":false},"author":2,"featured_media":70895,"comment_status":"","ping_status":"","sticky":false,"template":"","format":"standard","meta":{"footnotes":""},"categories":[1888],"tags":[1111,1928,11,1927,1777,674,1011,27,1944,12,1926,626,1925,25,2382],"class_list":{"0":"post-70894","1":"post","2":"type-post","3":"status-publish","4":"format-standard","5":"has-post-thumbnail","7":"category-paris","8":"tag-actu","9":"tag-actu-paris","10":"tag-actualites","11":"tag-actualites-paris","12":"tag-eu","13":"tag-europe","14":"tag-fr","15":"tag-france","16":"tag-ma-ville","17":"tag-news","18":"tag-news-paris","19":"tag-paris","20":"tag-paris-news","21":"tag-republique-francaise","22":"tag-transport-idf-oise"},"share_on_mastodon":{"url":"https:\/\/pubeurope.com\/@fr\/114441879793370071","error":""},"_links":{"self":[{"href":"https:\/\/www.europesays.com\/fr\/wp-json\/wp\/v2\/posts\/70894","targetHints":{"allow":["GET"]}}],"collection":[{"href":"https:\/\/www.europesays.com\/fr\/wp-json\/wp\/v2\/posts"}],"about":[{"href":"https:\/\/www.europesays.com\/fr\/wp-json\/wp\/v2\/types\/post"}],"author":[{"embeddable":true,"href":"https:\/\/www.europesays.com\/fr\/wp-json\/wp\/v2\/users\/2"}],"replies":[{"embeddable":true,"href":"https:\/\/www.europesays.com\/fr\/wp-json\/wp\/v2\/comments?post=70894"}],"version-history":[{"count":0,"href":"https:\/\/www.europesays.com\/fr\/wp-json\/wp\/v2\/posts\/70894\/revisions"}],"wp:featuredmedia":[{"embeddable":true,"href":"https:\/\/www.europesays.com\/fr\/wp-json\/wp\/v2\/media\/70895"}],"wp:attachment":[{"href":"https:\/\/www.europesays.com\/fr\/wp-json\/wp\/v2\/media?parent=70894"}],"wp:term":[{"taxonomy":"category","embeddable":true,"href":"https:\/\/www.europesays.com\/fr\/wp-json\/wp\/v2\/categories?post=70894"},{"taxonomy":"post_tag","embeddable":true,"href":"https:\/\/www.europesays.com\/fr\/wp-json\/wp\/v2\/tags?post=70894"}],"curies":[{"name":"wp","href":"https:\/\/api.w.org\/{rel}","templated":true}]}}