{"id":709092,"date":"2026-02-03T17:21:10","date_gmt":"2026-02-03T17:21:10","guid":{"rendered":"https:\/\/www.europesays.com\/fr\/709092\/"},"modified":"2026-02-03T17:21:10","modified_gmt":"2026-02-03T17:21:10","slug":"trois-personnes-blessees-lors-dune-rixe-pres-dun-squat-a-lyon","status":"publish","type":"post","link":"https:\/\/www.europesays.com\/fr\/709092\/","title":{"rendered":"trois personnes bless\u00e9es lors d\u2019une rixe pr\u00e8s d\u2019un squat \u00e0 Lyon"},"content":{"rendered":"<p>\n    Une bagarre a eu lieu lundi soir dans le quartier de Montchat \u00e0 Lyon. Quatre personnes ont \u00e9t\u00e9 interpell\u00e9es par les forces de l\u2019ordre.<\/p>\n<p class=\"fig-paragraph\">Plusieurs coups de feu ont \u00e9t\u00e9 entendus\u00a0<a href=\"http:\/\/www.lefigaro.fr\/lyon\/c-est-unique-au-monde-dans-le-quartier-de-montchat-a-lyon-l-extraordinaire-concentration-de-glycines-20240409\" data-fig-type=\"NewsFlash\" data-gtm-custom-categorie=\"navigation\" data-gtm-custom-action=\"crossclick\" data-gtm-custom-label=\"Contextuel\" data-gtm-event=\"customEventSPE\" data-fig-domain=\"LEFIGARO\" rel=\"nofollow noopener\" target=\"_blank\">dans le quartier de Montchat<\/a>\u00a0(Lyon 3e) vers 22h30 lundi soir pr\u00e8s d\u2019un\u00a0<a href=\"https:\/\/video.lefigaro.fr\/figaro\/lyon\/trois-personnes-mises-en-examen-apres-lincendie-dun-squat-a-lyon-20251030\" data-fig-type=\"Video\" data-gtm-custom-categorie=\"navigation\" data-gtm-custom-action=\"crossclick\" data-gtm-custom-label=\"Contextuel\" data-gtm-event=\"customEventSPE\" data-fig-domain=\"LEFIGARO\" rel=\"nofollow noopener\" target=\"_blank\">squat<\/a>. Plusieurs riverains ont contact\u00e9 les forces de l\u2019ordre\u00a0<a href=\"http:\/\/www.lefigaro.fr\/lyon\/lyon-l-execution-des-oqtf-et-les-expulsions-en-augmentation-dans-le-rhone-20241126\" data-fig-type=\"NewsFlash\" data-gtm-custom-categorie=\"navigation\" data-gtm-custom-action=\"crossclick\" data-gtm-custom-label=\"Contextuel\" data-gtm-event=\"customEventSPE\" data-fig-domain=\"LEFIGARO\" rel=\"nofollow noopener\" target=\"_blank\">pour une rixe en cours entre des Roms et des \u00e9trangers en situation irr\u00e9guli\u00e8re<\/a>, selon une information du\u00a0<a href=\"https:\/\/c.leprogres.fr\/faits-divers-justice\/2026\/02\/03\/une-rixe-armee-eclate-devant-un-squat-a-montchat-plusieurs-blesses-a-deplorer-quatre-individus-interpelles\" target=\"_blank\" rel=\"sponsored noopener nofollow\" data-gtm-custom-categorie=\"navigation\" data-gtm-custom-action=\"crossclick\" data-gtm-custom-label=\"Contextuel\" data-gtm-event=\"customEventSPE\">Progr\u00e8s\u00a0<\/a> confirm\u00e9e au Figaro par une source polici\u00e8re.<\/p>\n<p class=\"fig-paragraph\">Quatre personnes ont \u00e9t\u00e9 interpell\u00e9es sur place, nous indique la Direction interd\u00e9partementale de la police nationale du Rh\u00f4ne (DIPN69). L\u2019un \u00e9tait arm\u00e9 d\u2019une hache, un autre d\u2019une arme \u00e0 plombs. Trois personnes ont \u00e9t\u00e9 bless\u00e9es \u00e0 cause des plombs. Elles ont \u00e9t\u00e9 transport\u00e9es \u00e0 l\u2019h\u00f4pital sans que leur pronostic vital ne soit engag\u00e9.<\/p>\n<p>                                            <a class=\"fig-a11y-skip\" href=\"#fig-a11y-skip-main-inarticle\" data-module=\"a11y-skip\" data-context=\"was @visible\"><br \/>\n    Passer la publicit\u00e9<br \/>\n<\/a>            <\/p>\n<p class=\"fig-paragraph\">La vitrine d\u2019un ancien salon de coiffure a \u00e9t\u00e9 cass\u00e9e lors de ces affrontements. Le squat a \u00e9t\u00e9 \u00e9vacu\u00e9 par les forces de l\u2019ordre apr\u00e8s les arrestations. Les quatre suspects ont \u00e9t\u00e9 plac\u00e9s en garde \u00e0 vue.<\/p>\n","protected":false},"excerpt":{"rendered":"Une bagarre a eu lieu lundi soir dans le quartier de Montchat \u00e0 Lyon. Quatre personnes ont \u00e9t\u00e9&hellip;\n","protected":false},"author":2,"featured_media":709093,"comment_status":"","ping_status":"","sticky":false,"template":"","format":"standard","meta":{"footnotes":"","_share_on_mastodon":"0"},"categories":[1889],"tags":[1111,11,5141,2430,10737,1777,674,1011,27,2428,12,25,5221],"class_list":["post-709092","post","type-post","status-publish","format-standard","has-post-thumbnail","category-lyon","tag-actu","tag-actualites","tag-arme-a-feu","tag-auvergne-rhone-alpes","tag-bagarre","tag-eu","tag-europe","tag-fr","tag-france","tag-lyon","tag-news","tag-republique-francaise","tag-squat"],"share_on_mastodon":{"url":"https:\/\/pubeurope.com\/@fr\/116007854595656044","error":""},"_links":{"self":[{"href":"https:\/\/www.europesays.com\/fr\/wp-json\/wp\/v2\/posts\/709092","targetHints":{"allow":["GET"]}}],"collection":[{"href":"https:\/\/www.europesays.com\/fr\/wp-json\/wp\/v2\/posts"}],"about":[{"href":"https:\/\/www.europesays.com\/fr\/wp-json\/wp\/v2\/types\/post"}],"author":[{"embeddable":true,"href":"https:\/\/www.europesays.com\/fr\/wp-json\/wp\/v2\/users\/2"}],"replies":[{"embeddable":true,"href":"https:\/\/www.europesays.com\/fr\/wp-json\/wp\/v2\/comments?post=709092"}],"version-history":[{"count":0,"href":"https:\/\/www.europesays.com\/fr\/wp-json\/wp\/v2\/posts\/709092\/revisions"}],"wp:featuredmedia":[{"embeddable":true,"href":"https:\/\/www.europesays.com\/fr\/wp-json\/wp\/v2\/media\/709093"}],"wp:attachment":[{"href":"https:\/\/www.europesays.com\/fr\/wp-json\/wp\/v2\/media?parent=709092"}],"wp:term":[{"taxonomy":"category","embeddable":true,"href":"https:\/\/www.europesays.com\/fr\/wp-json\/wp\/v2\/categories?post=709092"},{"taxonomy":"post_tag","embeddable":true,"href":"https:\/\/www.europesays.com\/fr\/wp-json\/wp\/v2\/tags?post=709092"}],"curies":[{"name":"wp","href":"https:\/\/api.w.org\/{rel}","templated":true}]}}