{"id":70912,"date":"2025-05-03T04:04:09","date_gmt":"2025-05-03T04:04:09","guid":{"rendered":"https:\/\/www.europesays.com\/fr\/70912\/"},"modified":"2025-05-03T04:04:09","modified_gmt":"2025-05-03T04:04:09","slug":"les-dix-compagnies-aeriennes-les-plus-polluantes-deurope-sont-revelees-dans-un-nouveau-rapport-appelant-a-une-revision-du-marche-du-carbone","status":"publish","type":"post","link":"https:\/\/www.europesays.com\/fr\/70912\/","title":{"rendered":"Les dix compagnies a\u00e9riennes les plus polluantes d&rsquo;Europe sont r\u00e9v\u00e9l\u00e9es dans un nouveau rapport appelant \u00e0 une r\u00e9vision du march\u00e9 du carbone"},"content":{"rendered":"<p>Les \u00e9missions des vols en Europe l&rsquo;ann\u00e9e derni\u00e8re ont grimp\u00e9 en fl\u00e8che pour atteindre presque les niveaux pr\u00e9-COVID, selon une nouvelle \u00e9tude qui appelle \u00e0 une tarification appropri\u00e9e de cette pollution.<\/p>\n<p>8,4 millions de vols ont quitt\u00e9 les a\u00e9roports europ\u00e9ens en 2024, g\u00e9n\u00e9rant 187,6 millions de tonnes (Mt) de CO\u2082, a calcul\u00e9 le groupe de campagne Transport &amp; Environment (T&amp;E). Cela repr\u00e9sente 96 % du nombre de vols en 2019 et 98 % des \u00e9missions.<\/p>\n<p>Mais comme les r\u00e8gles du march\u00e9 du carbone de l&rsquo;aviation sont \u00ab\u00a0truff\u00e9es d&rsquo;exemptions\u00a0\u00bb, T&amp;E affirme que les compagnies a\u00e9riennes n&rsquo;ont pas eu \u00e0 payer pour 70 % de la pollution qu&rsquo;elles ont caus\u00e9e.<\/p>\n<p>\u00ab\u00a0Les \u00e9missions de l&rsquo;aviation \u00e9chappent \u00e0 tout contr\u00f4le. Pour ajouter l&rsquo;insulte \u00e0 l&rsquo;injure, le secteur continue d&rsquo;esquiver le co\u00fbt r\u00e9el de sa pollution, ce qui tourne en d\u00e9rision les promesses des compagnies a\u00e9riennes de reconstruire plus vert apr\u00e8s la COVID\u00a0\u00bb, d\u00e9clare Krisztina Hencz, responsable de la politique de l&rsquo;aviation chez T&amp;E. \u00ab\u00a0Si l&rsquo;Europe continue sur cette voie, les compagnies a\u00e9riennes devront payer 70 % de la pollution qu&rsquo;elles ont caus\u00e9e\u00a0\u00bb.<\/p>\n<p><b class=\"c-widget-related__title__text\">Related<\/b><\/p>\n<p>Si l&rsquo;Europe continue sur cette voie, l&rsquo;aviation \u00ab\u00a0verte\u00a0\u00bb restera une invention des gens.<\/p>\n<p>La r\u00e9vision des march\u00e9s europ\u00e9ens du carbone pr\u00e9vue l&rsquo;ann\u00e9e prochaine est l&rsquo;occasion de combler une lacune dans la l\u00e9gislation actuelle, ajoute-t-elle, et de veiller \u00e0 ce que les compagnies a\u00e9riennes rendent pleinement compte de leur pollution.<\/p>\n<p>Quelles sont les compagnies a\u00e9riennes les plus polluantes en Europe ?<\/p>\n<p>Dix compagnies a\u00e9riennes seulement ont \u00e9t\u00e9 responsables de 40 % de toutes les \u00e9missions de l&rsquo;aviation europ\u00e9enne l&rsquo;ann\u00e9e derni\u00e8re, les principaux pollueurs \u00e9tant <strong>Ryanair<\/strong> (16,2 millions de tonnes de CO2), <strong>Lufthansa<\/strong> (10 millions de tonnes de CO2) et <strong>British Airways<\/strong> (8,9 millions de tonnes de CO2).<\/p>\n<p>Ces chiffres repr\u00e9sentent respectivement une augmentation de 9 %, 6 % et 3 % par rapport aux \u00e9missions de 2023.<\/p>\n<p>Vient ensuite <strong>Air France<\/strong>, qui \u00e9met 8,2 millions de tonnes de CO2, soit une baisse de 1 % par rapport \u00e0 l&rsquo;ann\u00e9e pr\u00e9c\u00e9dente.<\/p>\n<p>Le reste du top 10 est compl\u00e9t\u00e9 par <strong>easyJet<\/strong>, <strong>Emirates<\/strong>, <strong>KLM<\/strong>, <strong>Wizz Air<\/strong>, <strong>Iberia<\/strong> &#8211; qui a enregistr\u00e9 la plus forte augmentation d&rsquo;\u00e9missions d&rsquo;une ann\u00e9e sur l&rsquo;autre (10 %) &#8211; et <strong>United Airlines<\/strong>.<\/p>\n<p>L&rsquo;<a href=\"https:\/\/www.transportenvironment.org\/articles\/airline-emissions-2024?utm_source=T%26E+News&amp;utm_campaign=187fbaba2c-EMAIL_CAMPAIGN_2025_04_25_09_48&amp;utm_medium=email&amp;utm_term=0_1dbb7e56f6-aa7b85dcf5-380011445&amp;mc_cid=187fbaba2c&amp;mc_eid=c8c62e1c28\" rel=\"nofollow noopener\" target=\"_blank\" data-ylk=\"slk:\u00e9tude;elm:context_link;itc:0;sec:content-canvas\" class=\"link \">\u00e9tude<\/a> met \u00e9galement en \u00e9vidence la tendance continue \u00e0 l&rsquo;expansion des transporteurs \u00e0 bas co\u00fbts dans l&rsquo;industrie a\u00e9ronautique europ\u00e9enne. C&rsquo;est \u00e9galement le cas sur le march\u00e9 extra-europ\u00e9en, qui est g\u00e9n\u00e9ralement domin\u00e9 par des compagnies phares comme Lufthansa et Air France.<\/p>\n<p>Les routes a\u00e9riennes les plus polluantes au d\u00e9part de l&rsquo;Europe<\/p>\n<p>Actuellement, les compagnies a\u00e9riennes ne doivent payer pour les \u00e9missions que pour les vols effectu\u00e9s dans l&rsquo;Espace \u00e9conomique europ\u00e9en (EEE), au Royaume-Uni et en Suisse. Mais ce sont bien s\u00fbr les vols long-courriers qui sont les plus polluants.<\/p>\n<p><b class=\"c-widget-related__title__text\">Related<\/b><\/p>\n<p>Les routes les plus \u00e9mettrices au d\u00e9part de l&rsquo;Europe en 2024 sont toutes intercontinentales, <strong>Londres-New York<\/strong> arrivant en t\u00eate, avec plus de 1,4 Mt de CO\u2082 pour les vols au d\u00e9part.<\/p>\n<p>Viennent ensuite <strong>Londres-Duba\u00ef<\/strong> (1,2 Mt) et <strong>Londres-Singapour<\/strong> (1,1 Mt). Le premier vol en provenance de l&rsquo;UE \u00e0 figurer dans le classement est la liaison <strong>Francfort-Shanghai<\/strong>, qui occupe la 5e place et \u00e9met 0,8 Mt de CO\u2082 au d\u00e9part de ses vols.<\/p>\n<p>La premi\u00e8re liaison incluse dans le champ d&rsquo;application actuel du syst\u00e8me communautaire d&rsquo;\u00e9change de quotas d&rsquo;\u00e9mission (SCEQE), <strong>Barcelone-Londres<\/strong>, n&rsquo;arrive qu&rsquo;en 135e position, produisant 0,15 Mt de CO\u2082.<\/p>\n<p>Cela signifie qu&rsquo;aucune compagnie a\u00e9rienne n&rsquo;a d\u00fb payer pour les \u00e9missions sur les routes les plus polluantes au d\u00e9part de l&rsquo;Europe, ce qui, selon T&amp;E, constitue une \u00ab\u00a0lacune fondamentale\u00a0\u00bb et une \u00e9norme occasion manqu\u00e9e.<\/p>\n<p><b class=\"c-widget-related__title__text\">Related<\/b><\/p>\n<p>Comment obliger les compagnies a\u00e9riennes \u00e0 couvrir le co\u00fbt r\u00e9el de la pollution ?<\/p>\n<p>L&rsquo;extension du champ d&rsquo;application des march\u00e9s europ\u00e9ens du carbone \u00e0 tous les vols en partance permettrait d&rsquo;obtenir des avantages climatiques significatifs et de g\u00e9n\u00e9rer des revenus, selon les d\u00e9fenseurs des droits de l&rsquo;homme.<\/p>\n<p>T&amp;E estime qu&rsquo;une extension du SCEQE de l&rsquo;UE et du Royaume-Uni aurait g\u00e9n\u00e9r\u00e9 7,5 milliards d&rsquo;euros suppl\u00e9mentaires en 2024 si les \u00e9missions extra-europ\u00e9ennes \u00e9taient tarif\u00e9es. Cela aurait permis de soutenir le d\u00e9veloppement de technologies vertes telles que les <a href=\"https:\/\/fr.news.yahoo.com\/premier-vol-100-durable-goutte-152938528.html\" data-ylk=\"slk:carburants durables pour l&#039;aviation;elm:context_link;itc:0;sec:content-canvas;outcm:mb_qualified_link;_E:mb_qualified_link;ct:story;\" class=\"link  yahoo-link\" target=\"_blank\" rel=\"noopener\"><strong>carburants durables pour l&rsquo;aviation<\/strong><\/a> (SAF) et les avions \u00e9lectriques et \u00e0 hydrog\u00e8ne.<\/p>\n<p>L&rsquo;ann\u00e9e prochaine, l&rsquo;Union europ\u00e9enne r\u00e9examinera son syst\u00e8me d&rsquo;\u00e9change de quotas d&rsquo;\u00e9mission, ce qui lui donnera l&rsquo;occasion de combler cette lacune en \u00e9tendant son champ d&rsquo;application \u00e0 tous les vols en partance.<\/p>\n<p>Mais cette r\u00e9vision interviendra alors que l&rsquo;industrie de l&rsquo;aviation montre des signes de recul sur le plan climatique, pr\u00e9vient T&amp;E, les PDG de grandes compagnies a\u00e9riennes &#8211; dont Ryanair et Air France &#8211; appelant l&rsquo;UE \u00e0 affaiblir ses r\u00e8gles en mati\u00e8re de tarification du carbone.<\/p>\n","protected":false},"excerpt":{"rendered":"Les \u00e9missions des vols en Europe l&rsquo;ann\u00e9e derni\u00e8re ont grimp\u00e9 en fl\u00e8che pour atteindre presque les niveaux pr\u00e9-COVID,&hellip;\n","protected":false},"author":2,"featured_media":70913,"comment_status":"","ping_status":"","sticky":false,"template":"","format":"standard","meta":{"footnotes":""},"categories":[1586],"tags":[11,17318,6251,1777,674,1011,27,1808,17319,12,25],"class_list":{"0":"post-70912","1":"post","2":"type-post","3":"status-publish","4":"format-standard","5":"has-post-thumbnail","7":"category-europe","8":"tag-actualites","9":"tag-compagnies-aeriennes","10":"tag-emissions","11":"tag-eu","12":"tag-europe","13":"tag-fr","14":"tag-france","15":"tag-leurope","16":"tag-les-regles","17":"tag-news","18":"tag-republique-francaise"},"share_on_mastodon":{"url":"https:\/\/pubeurope.com\/@fr\/114441923141207592","error":""},"_links":{"self":[{"href":"https:\/\/www.europesays.com\/fr\/wp-json\/wp\/v2\/posts\/70912","targetHints":{"allow":["GET"]}}],"collection":[{"href":"https:\/\/www.europesays.com\/fr\/wp-json\/wp\/v2\/posts"}],"about":[{"href":"https:\/\/www.europesays.com\/fr\/wp-json\/wp\/v2\/types\/post"}],"author":[{"embeddable":true,"href":"https:\/\/www.europesays.com\/fr\/wp-json\/wp\/v2\/users\/2"}],"replies":[{"embeddable":true,"href":"https:\/\/www.europesays.com\/fr\/wp-json\/wp\/v2\/comments?post=70912"}],"version-history":[{"count":0,"href":"https:\/\/www.europesays.com\/fr\/wp-json\/wp\/v2\/posts\/70912\/revisions"}],"wp:featuredmedia":[{"embeddable":true,"href":"https:\/\/www.europesays.com\/fr\/wp-json\/wp\/v2\/media\/70913"}],"wp:attachment":[{"href":"https:\/\/www.europesays.com\/fr\/wp-json\/wp\/v2\/media?parent=70912"}],"wp:term":[{"taxonomy":"category","embeddable":true,"href":"https:\/\/www.europesays.com\/fr\/wp-json\/wp\/v2\/categories?post=70912"},{"taxonomy":"post_tag","embeddable":true,"href":"https:\/\/www.europesays.com\/fr\/wp-json\/wp\/v2\/tags?post=70912"}],"curies":[{"name":"wp","href":"https:\/\/api.w.org\/{rel}","templated":true}]}}