{"id":70914,"date":"2025-05-03T04:05:09","date_gmt":"2025-05-03T04:05:09","guid":{"rendered":"https:\/\/www.europesays.com\/fr\/70914\/"},"modified":"2025-05-03T04:05:09","modified_gmt":"2025-05-03T04:05:09","slug":"cezara-grama-en-roumanie-peu-de-personnes-ont-eu-une-reelle-experience-de-la-democratie-ces-trente-cinq-dernieres-annees","status":"publish","type":"post","link":"https:\/\/www.europesays.com\/fr\/70914\/","title":{"rendered":"Cezara Grama\u00a0: \u00ab\u00a0En Roumanie, peu de personnes ont eu une r\u00e9elle exp\u00e9rience de la d\u00e9mocratie ces trente-cinq derni\u00e8res ann\u00e9es\u00a0\u00bb"},"content":{"rendered":"<p><strong>Les Roumains sont de retour aux urnes ces 4 et 18 mai pour \u00e9lire leur pr\u00e9sident, cinq mois apr\u00e8s l\u2019annulation de l\u2019\u00e9lection pr\u00e9sidentielle \u00e0 la suite de multiples irr\u00e9gularit\u00e9s dans le processus \u00e9lectoral et une manipulation massive des r\u00e9seaux sociaux, dont TikTok, le tout entach\u00e9 par des soup\u00e7ons d\u2019ing\u00e9rences russes. \u00a0Entretien avec Cezara Grama, analyste juridique au sein du groupe de r\u00e9flexion <\/strong><a href=\"https:\/\/expertforum.ro\/\" target=\"_blank\" rel=\"noopener\"><strong>Expert Forum<\/strong><\/a><strong>, qui pointe \u00ab\u00a0un \u00e9chec collectif des institutions publiques\u00a0\u00bb et craint que ces derni\u00e8res n\u2019en aient pas tir\u00e9 les le\u00e7ons.<\/strong> \u00a0<\/p>\n<p><strong>Propos rapport\u00e9s par Marine Leduc, journaliste-correspondante \u00e0 Bucarest.<\/strong><\/p>\n<p>Le Courrier d\u2019Europe centrale\u00a0: La Cour constitutionnelle roumaine (CCR) a pris trois grandes d\u00e9cisions pendant cette p\u00e9riode \u00e9lectorale depuis fin 2024 : le rejet en octobre de la candidature de Diana So\u0219oaca, Pr\u00e9sidente du parti extr\u00e9miste S.O.S. Rom\u00e2nia, l\u2019invalidation du premier tour de la pr\u00e9sidentielle en d\u00e9cembre, et le rejet de la candidature de C\u0103lin Georgescu avant le second scrutin pr\u00e9sidentiel. Quelle est votre . . .<\/p>\n<p>Inscrivez-vous ou identifiez-vous pour acc\u00e9der gratuitement \u00e0 tous les articles du Courrier d&rsquo;Europe centrale.<\/p>\n<p>\t\t<a href=\"https:\/\/courrierdeuropecentrale.fr\/author\/marine-leduc\/\" target=\"_blank\" rel=\"noopener\">Marine Leduc<\/a><\/p>\n<p>Journaliste ind\u00e9pendante &#8211; Roumanie et Moldavie. Elle publie dans La Croix, Le Soir, RFI, T\u00e9l\u00e9rama, Equal Times, entre autres.<\/p>\n","protected":false},"excerpt":{"rendered":"Les Roumains sont de retour aux urnes ces 4 et 18 mai pour \u00e9lire leur pr\u00e9sident, cinq mois&hellip;\n","protected":false},"author":2,"featured_media":70915,"comment_status":"","ping_status":"","sticky":false,"template":"","format":"standard","meta":{"footnotes":""},"categories":[1586],"tags":[11,12259,17320,17321,4121,17322,1777,674,1779,1011,27,12,25,1778,96,364],"class_list":{"0":"post-70914","1":"post","2":"type-post","3":"status-publish","4":"format-standard","5":"has-post-thumbnail","7":"category-europe","8":"tag-actualites","9":"tag-article-payant","10":"tag-calin-georgescu","11":"tag-cezara-grama","12":"tag-desinformation","13":"tag-diana-sosoaca","14":"tag-eu","15":"tag-europe","16":"tag-european-union","17":"tag-fr","18":"tag-france","19":"tag-news","20":"tag-republique-francaise","21":"tag-ue","22":"tag-une","23":"tag-union-europeenne"},"share_on_mastodon":{"url":"https:\/\/pubeurope.com\/@fr\/114441927015486324","error":""},"_links":{"self":[{"href":"https:\/\/www.europesays.com\/fr\/wp-json\/wp\/v2\/posts\/70914","targetHints":{"allow":["GET"]}}],"collection":[{"href":"https:\/\/www.europesays.com\/fr\/wp-json\/wp\/v2\/posts"}],"about":[{"href":"https:\/\/www.europesays.com\/fr\/wp-json\/wp\/v2\/types\/post"}],"author":[{"embeddable":true,"href":"https:\/\/www.europesays.com\/fr\/wp-json\/wp\/v2\/users\/2"}],"replies":[{"embeddable":true,"href":"https:\/\/www.europesays.com\/fr\/wp-json\/wp\/v2\/comments?post=70914"}],"version-history":[{"count":0,"href":"https:\/\/www.europesays.com\/fr\/wp-json\/wp\/v2\/posts\/70914\/revisions"}],"wp:featuredmedia":[{"embeddable":true,"href":"https:\/\/www.europesays.com\/fr\/wp-json\/wp\/v2\/media\/70915"}],"wp:attachment":[{"href":"https:\/\/www.europesays.com\/fr\/wp-json\/wp\/v2\/media?parent=70914"}],"wp:term":[{"taxonomy":"category","embeddable":true,"href":"https:\/\/www.europesays.com\/fr\/wp-json\/wp\/v2\/categories?post=70914"},{"taxonomy":"post_tag","embeddable":true,"href":"https:\/\/www.europesays.com\/fr\/wp-json\/wp\/v2\/tags?post=70914"}],"curies":[{"name":"wp","href":"https:\/\/api.w.org\/{rel}","templated":true}]}}