{"id":709179,"date":"2026-02-03T18:14:13","date_gmt":"2026-02-03T18:14:13","guid":{"rendered":"https:\/\/www.europesays.com\/fr\/709179\/"},"modified":"2026-02-03T18:14:13","modified_gmt":"2026-02-03T18:14:13","slug":"rennes-un-college-retire-la-tablette-a-ses-plus-jeunes-eleves","status":"publish","type":"post","link":"https:\/\/www.europesays.com\/fr\/709179\/","title":{"rendered":"Rennes. Un coll\u00e8ge retire la tablette \u00e0 ses plus jeunes \u00e9l\u00e8ves !"},"content":{"rendered":"<p class=\"block date\" id=\"dateEtAuteur\">Publi\u00e9 : 18h59  par Dolor\u00e8s  CHARLES <\/p>\n<p><img decoding=\"async\" class=\"\" style=\"width:100%\" src=\"https:\/\/www.europesays.com\/fr\/wp-content\/uploads\/2026\/02\/PARCOURSUP_TABLETTE_LYCEEN1770140844339.jpg\" alt=\"Tablette\"\/>L&rsquo;impact des tablettes sur la concentration des \u00e9l\u00e8ves pose question en France. A Rennes, le coll\u00e8ge St Vincent a choisi de retirer la tablette aux 6\u00e8mes et aux 5\u00e8mes \u00e0 partir de la rentr\u00e9e prochaine. <\/p>\n<p><strong>Cet \u00e9tablissement breton fait marche arri\u00e8re.<\/strong> Dix ans apr\u00e8s avoir mis en place cet outil pour les \u00e9l\u00e8ves, la direction du coll\u00e8ge Saint-Vincent \u00e0 Rennes a d\u00e9cid\u00e9 de retirer les tablettes num\u00e9riques, pour les \u00e9l\u00e8ves de 6\u00e8me et de 5\u00e8me. On pourrait croire \u00e0 un retour en arri\u00e8re mais c\u2019est plut\u00f4t la sant\u00e9 des jeunes qui a motiv\u00e9 ce choix.<\/p>\n<p>\u00a0<\/p>\n<blockquote><p>\n\u00ab\u00a0Cela les attire trop &#8230;\u00a0\u00bb\n<\/p><\/blockquote>\n<p>\u00a0<\/p>\n<p>La mesure sera mise en place en septembre prochain, explique Nadine Marie-Regnault, la Directrice du coll\u00e8ge br\u00e9tilien. \u00ab\u00a0<strong>Avec l&rsquo;\u00e9tude qu&rsquo;on a pu faire aupr\u00e8s des \u00e9l\u00e8ves, on se rend compte que c&rsquo;est un outil qui les attire trop. Ils n&rsquo;arrivent plus \u00e0 r\u00e9sister.<\/strong> Comme on a aujourd&rsquo;hui des g\u00e9n\u00e9rations qui sont n\u00e9es avec des \u00e9crans dans les mains, les professeurs nous faisaient remonter que \u00e7a les attire, \u00e7a les attire trop ! On avait ce probl\u00e8me et c&rsquo;est pour \u00e7a aussi qu&rsquo;<strong>on a men\u00e9 la r\u00e9flexion avec les parents et face au b\u00e9n\u00e9fice-risque, on a d\u00e9cid\u00e9 de ne plus donner de tablettes en 6\u00e8me et en 5\u00e8me.<\/strong><\/p>\n<p>Sur nos tablettes, il n&rsquo;y a pas de r\u00e9seaux sociaux, mais il y en a qui sont attir\u00e9s pour aller faire autre chose, pour aller faire un jeu&#8230; La concentration est moindre et \u00e7a induisait des comportements qui n&rsquo;\u00e9taient pas l\u00e0 il y a une dizaine d&rsquo;ann\u00e9es ! On n&rsquo;avait pas cette relation entre les jeunes et les \u00e9crans avant.\u00a0\u00bb<\/p>\n<p>\u00a0<\/p>\n<p style=\"text-align: center;\"><img loading=\"lazy\" decoding=\"async\" src=\"https:\/\/www.europesays.com\/fr\/wp-content\/uploads\/2026\/02\/lZq62Cgimh.jpeg\" alt=\"\" width=\"600\" height=\"450\"\/><\/p>\n<p style=\"text-align: center;\">Etablissement Saint-Vincent de Rennes<\/p>\n<p>Malgr\u00e9 tout, de fa\u00e7on ponctuelle, les enseignants pourront utiliser des tablettes pour certains cours, sans que les 6\u00e8mes et 5\u00e8mes puissent les ramener chez eux.<\/p>\n<p>Nadine Marie-Regnault, directrice du coll\u00e8ge Saint-VincentNadine Marie-Regnault, directrice du coll\u00e8ge Saint-Vincent<\/p>\n<p>Cr\u00e9dit : No\u00eblline Garon<\/p>\n<p>Au c\u0153ur de cette d\u00e9cision : la question de l\u2019addiction aux \u00e9crans. Cette mesure a \u00e9t\u00e9 prise en concertation avec les parents, qui avaient des craintes quant \u00e0 l\u2019utilisation d\u00e8s le d\u00e9but du coll\u00e8ge de ces outils comme nous l&rsquo;explique Bertrand Poincloux, tr\u00e9sorier de l\u2019APEL de l\u2019\u00e9tablissement.<\/p>\n<p>\u00a0<\/p>\n<blockquote><p>\nBeaucoup de craintes de parents\n<\/p><\/blockquote>\n<p data-v-1ee7c8a8=\"\">\u00a0<\/p>\n<p data-v-1ee7c8a8=\"\">\u00ab\u00a0On avait des parents qui nous faisaient des remont\u00e9es sur du d\u00e9tournement de tablettes et on transmettait \u00e0 la direction. Certains \u00e9l\u00e8ves parvenaient \u00e0 contourner, en dehors des heures scolaires, ils arrivaient \u00e0 contourner l&rsquo;usage qu&rsquo;ils auraient d\u00fb en faire. Mais<strong> les craintes des parents, pour qui c&rsquo;est z\u00e9ro \u00e9cran \u00e0 la maison, c&rsquo;\u00e9tait plut\u00f4t la perturbation sur le d\u00e9veloppement cognitif de leur enfant, et la crainte de cette introduction dont je parlais, qui, pour une partie des \u00e9l\u00e8ves, se faisait au coll\u00e8ge. <\/strong>C&rsquo;\u00e9tait les premiers \u00e9crans qu&rsquo;ils ramenaient \u00e0 la maison, ils n&rsquo;avaient pas d&rsquo;autres \u00e9crans&#8230;\u00a0\u00bb<\/p>\n<p>Bertrand Poincloux de l\u2019APELBertrand Poincloux de l\u2019APEL<\/p>\n<p>Cr\u00e9dit : No\u00eblline Garon<\/p>\n<p><img decoding=\"async\" class=\"\" style=\"width:100%\" src=\"https:\/\/www.europesays.com\/fr\/wp-content\/uploads\/2026\/02\/Nadine_Marie_Regnault_Beno_t_de_Parscau_et_Bertrand_Poincloux_fin_tablettes_Saint_Vincent17701410894.webp\" alt=\"Nadine Marie-Regnault, Beno\u00eet de Parscau et Bertrand Poincloux\"\/><\/p>\n<p>Nadine Marie-Regnault, Beno\u00eet de Parscau et Bertrand Poincloux<\/p>\n<p>Cr\u00e9dit : No\u00eblline Garon<\/p>\n<p>Face \u00e0 ces enjeux de gestion des \u00e9crans et r\u00e9seaux sociaux, l\u2019APEL de Saint-Vincent a aussi mis en place une commission num\u00e9rique.<\/p>\n<p><strong>Un autre \u00e9tablissement fait le m\u00eame choix de supprimer les tablettes en sixi\u00e8me d\u00e8s la rentr\u00e9e, le coll\u00e8ge Saint-Joseph La Salle de Questembert.<\/strong><\/p>\n","protected":false},"excerpt":{"rendered":"Publi\u00e9 : 18h59 par Dolor\u00e8s CHARLES L&rsquo;impact des tablettes sur la concentration des \u00e9l\u00e8ves pose question en France.&hellip;\n","protected":false},"author":2,"featured_media":709180,"comment_status":"","ping_status":"","sticky":false,"template":"","format":"standard","meta":{"footnotes":"","_share_on_mastodon":"0"},"categories":[2821],"tags":[1111,11,829,1124,1777,674,1011,27,12,584,25,80144],"class_list":["post-709179","post","type-post","status-publish","format-standard","has-post-thumbnail","category-rennes","tag-actu","tag-actualites","tag-bretagne","tag-college","tag-eu","tag-europe","tag-fr","tag-france","tag-news","tag-rennes","tag-republique-francaise","tag-tablette-numerique"],"share_on_mastodon":{"url":"https:\/\/pubeurope.com\/@fr\/116008063186539336","error":""},"_links":{"self":[{"href":"https:\/\/www.europesays.com\/fr\/wp-json\/wp\/v2\/posts\/709179","targetHints":{"allow":["GET"]}}],"collection":[{"href":"https:\/\/www.europesays.com\/fr\/wp-json\/wp\/v2\/posts"}],"about":[{"href":"https:\/\/www.europesays.com\/fr\/wp-json\/wp\/v2\/types\/post"}],"author":[{"embeddable":true,"href":"https:\/\/www.europesays.com\/fr\/wp-json\/wp\/v2\/users\/2"}],"replies":[{"embeddable":true,"href":"https:\/\/www.europesays.com\/fr\/wp-json\/wp\/v2\/comments?post=709179"}],"version-history":[{"count":0,"href":"https:\/\/www.europesays.com\/fr\/wp-json\/wp\/v2\/posts\/709179\/revisions"}],"wp:featuredmedia":[{"embeddable":true,"href":"https:\/\/www.europesays.com\/fr\/wp-json\/wp\/v2\/media\/709180"}],"wp:attachment":[{"href":"https:\/\/www.europesays.com\/fr\/wp-json\/wp\/v2\/media?parent=709179"}],"wp:term":[{"taxonomy":"category","embeddable":true,"href":"https:\/\/www.europesays.com\/fr\/wp-json\/wp\/v2\/categories?post=709179"},{"taxonomy":"post_tag","embeddable":true,"href":"https:\/\/www.europesays.com\/fr\/wp-json\/wp\/v2\/tags?post=709179"}],"curies":[{"name":"wp","href":"https:\/\/api.w.org\/{rel}","templated":true}]}}