{"id":709181,"date":"2026-02-03T18:15:14","date_gmt":"2026-02-03T18:15:14","guid":{"rendered":"https:\/\/www.europesays.com\/fr\/709181\/"},"modified":"2026-02-03T18:15:14","modified_gmt":"2026-02-03T18:15:14","slug":"om-rennes-a-quelle-heure-et-sur-quelle-chaine-suivre-le-premier-choc-des-huitiemes-de-finale-de-coupe-de-france","status":"publish","type":"post","link":"https:\/\/www.europesays.com\/fr\/709181\/","title":{"rendered":"OM-Rennes\u00a0: \u00e0 quelle heure et sur quelle cha\u00eene suivre le premier choc des huiti\u00e8mes de finale de Coupe de France"},"content":{"rendered":"<p>\n                                                                    l&rsquo;essentiel<br \/>\n                                                                L\u2019Olympique de Marseille et le Stade Rennais croisent le fer ce 3\u00a0f\u00e9vrier, pour le compte des huiti\u00e8mes de finale de Coupe de France. Une rencontre qui s\u2019annonce d\u00e9terminante entre deux \u00e9quipes qui vivent une saison plus que maussade.\n                            <\/p>\n<p>Malheur au vaincu ce mardi 3\u00a0f\u00e9vrier au soir. Pour ce premier duel 100\u00a0% Ligue 1, l\u2019OM (3e du championnat) accueille Rennes (6e) au Stade V\u00e9lodrome \u00e0 Marseille. Une rencontre <strong>qui sera \u00e0 suivre \u00e0 21\u00a0h\u00a010 sur deux cha\u00eenes\u00a0: France 2 et beIN Sports<\/strong>. Et l\u2019enjeu sera au rendez-vous quelle que soit la couleur.<\/p>\n<p>C\u00f4t\u00e9 phoc\u00e9en, les hommes de Roberto De Zerbi veulent relever la t\u00eate apr\u00e8s une semaine cataclysmique. \u00c9limin\u00e9s \u00e0 la derni\u00e8re seconde de la Ligue des champions \u00e0 la suite d\u2019un sc\u00e9nario dantesque (d\u00e9faite 0-3 \u00e0 Bruges, but du gardien de Benfica contre le Real Madrid), les Olympiens sortent d\u2019un match nul frustrant contre le Paris FC (2-2) alors qu\u2019ils menaient de deux buts \u00e0 dix minutes du terme.<\/p>\n<p>La Coupe repr\u00e9sente leur dernier espoir pour, a priori, arracher un troph\u00e9e cette saison. Les Marseillais devront faire sans Himad Abdelli et Tochukwu Nnadi, leurs deux recrues officialis\u00e9es en fin de mercato. Ils pourront en revanche compter sur leurs stars (Greenwood, Aubameyang) et leurs autres renforts hivernaux (Timber, Nwaneri).<\/p>\n<p>\u00c0 Rennes, la spirale s\u2019av\u00e8re un petit peu moins n\u00e9gative. Apr\u00e8s un d\u00e9but d\u2019exercice tr\u00e8s poussif, les Bretons se sont redress\u00e9s et sont d\u00e9sormais en course pour les places europ\u00e9ennes. Ils restent pourtant sur une gifle \u00e0 Monaco (0-4) ce samedi.<\/p>\n<p>Pour repartir de l\u2019avant, Habib Beye et sa troupe devront donc se d\u00e9faire du d\u00e9placement hostile qui les attend. Les nouveaux arrivants Arnaud Nordin (Mayence) et Yassir Zabiri (Famalicao), non qualifi\u00e9s, seront absents, tout comme Seko Fofana et Kader Me\u00eft\u00e9, respectivement c\u00e9d\u00e9s \u00e0 Porto et Al-Hilal. J\u00e9r\u00e9my Jacquet, qui rejoindra Liverpool cet \u00e9t\u00e9 pour 70\u00a0millions d\u2019euros, est incertain.<\/p>\n<p class=\"std-elt__inline\">\n        <strong>\u00c0 lire aussi :<\/strong><br \/>\n        <a href=\"https:\/\/www.ladepeche.fr\/2026\/01\/14\/tfc-amiens-que-disent-les-statistiques-entre-les-deux-equipes-avant-leur-8e-de-finale-de-coupe-de-france-debut-fevrier-13162338.php\" rel=\"nofollow noopener\" target=\"_blank\">TFC \u2013 Amiens\u00a0: que disent les statistiques entre les deux \u00e9quipes avant leur 8e de finale de Coupe de France d\u00e9but f\u00e9vrier\u00a0?<\/a>\n    <\/p>\n<p>Marseille et Rennes s\u2019\u00e9taient d\u00e9j\u00e0 crois\u00e9s lors de la premi\u00e8re journ\u00e9e de Ligue 1, le 15\u00a0ao\u00fbt 2025. Ludovic Blas avait offert la victoire aux Rennais dans le temps additionnel (1-0). Le match retour, lui, est programm\u00e9 \u00e0 la derni\u00e8re journ\u00e9e du championnat, le 16\u00a0mai. Mais cette fois, c\u2019est bien pour une place en quarts de Coupe de France que les deux \u00e9quipes vont batailler.<\/p>\n","protected":false},"excerpt":{"rendered":"l&rsquo;essentiel L\u2019Olympique de Marseille et le Stade Rennais croisent le fer ce 3\u00a0f\u00e9vrier, pour le compte des huiti\u00e8mes&hellip;\n","protected":false},"author":2,"featured_media":709182,"comment_status":"","ping_status":"","sticky":false,"template":"","format":"standard","meta":{"footnotes":"","_share_on_mastodon":"0"},"categories":[2821],"tags":[1111,11,829,83,1777,674,63,1011,27,12,584,25,517],"class_list":["post-709181","post","type-post","status-publish","format-standard","has-post-thumbnail","category-rennes","tag-actu","tag-actualites","tag-bretagne","tag-coupe-de-france","tag-eu","tag-europe","tag-football","tag-fr","tag-france","tag-news","tag-rennes","tag-republique-francaise","tag-sport"],"share_on_mastodon":{"url":"https:\/\/pubeurope.com\/@fr\/116008067037766577","error":""},"_links":{"self":[{"href":"https:\/\/www.europesays.com\/fr\/wp-json\/wp\/v2\/posts\/709181","targetHints":{"allow":["GET"]}}],"collection":[{"href":"https:\/\/www.europesays.com\/fr\/wp-json\/wp\/v2\/posts"}],"about":[{"href":"https:\/\/www.europesays.com\/fr\/wp-json\/wp\/v2\/types\/post"}],"author":[{"embeddable":true,"href":"https:\/\/www.europesays.com\/fr\/wp-json\/wp\/v2\/users\/2"}],"replies":[{"embeddable":true,"href":"https:\/\/www.europesays.com\/fr\/wp-json\/wp\/v2\/comments?post=709181"}],"version-history":[{"count":0,"href":"https:\/\/www.europesays.com\/fr\/wp-json\/wp\/v2\/posts\/709181\/revisions"}],"wp:featuredmedia":[{"embeddable":true,"href":"https:\/\/www.europesays.com\/fr\/wp-json\/wp\/v2\/media\/709182"}],"wp:attachment":[{"href":"https:\/\/www.europesays.com\/fr\/wp-json\/wp\/v2\/media?parent=709181"}],"wp:term":[{"taxonomy":"category","embeddable":true,"href":"https:\/\/www.europesays.com\/fr\/wp-json\/wp\/v2\/categories?post=709181"},{"taxonomy":"post_tag","embeddable":true,"href":"https:\/\/www.europesays.com\/fr\/wp-json\/wp\/v2\/tags?post=709181"}],"curies":[{"name":"wp","href":"https:\/\/api.w.org\/{rel}","templated":true}]}}