{"id":709245,"date":"2026-02-03T18:51:14","date_gmt":"2026-02-03T18:51:14","guid":{"rendered":"https:\/\/www.europesays.com\/fr\/709245\/"},"modified":"2026-02-03T18:51:14","modified_gmt":"2026-02-03T18:51:14","slug":"atp-jack-sock-se-mouille-sur-djokovic-je-ne-pense-pas-quil-arrivera-a-le-refaire-cette-annee","status":"publish","type":"post","link":"https:\/\/www.europesays.com\/fr\/709245\/","title":{"rendered":"ATP > Jack Sock se mouille sur Djokovic : \u00ab\u00a0Je ne pense pas qu&rsquo;il arrivera \u00e0 le refaire cette ann\u00e9e\u00a0\u00bb"},"content":{"rendered":"<p>Co\u2010animateur du podcast, Nothing Major, aux c\u00f4t\u00e9s de ses compa\u00adtriotes, John Isner, Sam Querrey et Steve Johnson, Jack Sock a \u00e9t\u00e9 invit\u00e9 \u00e0 se livrer sur la suite de la saison de Novak Djokovic et la possi\u00adbi\u00adlit\u00e9 qu\u2019il atteigne une autre finale de Grand Chelem. Mais l\u2019an\u00adcien 8e mondial n\u2019y croit\u00a0pas.\u00a0<\/p>\n<p><strong>\u00ab\u202fC\u2019est diffi\u00adcile \u00e0 dire. Il est en quelque sorte Monsieur Open d\u2019Australie depuis le d\u00e9but de sa carri\u00e8re, donc je suppose qu\u2019il avait peut\u2010\u00eatre un peu plus d\u2019\u00e9nergie \u00e0 revendre. Il avait peut\u2010\u00eatre un peu plus envie de gagner. Ils sont proba\u00adble\u00adment tous \u00e0 peu pr\u00e8s \u00e9gaux, mais je pense que c\u2019est son tournoi pr\u00e9f\u00e9r\u00e9 depuis le d\u00e9but de sa carri\u00e8re et il a dit qu\u2019il n\u2019avait jamais connu un public comme celui d\u2019Australie ces derniers jours, ni un tel soutien, donc cela l\u2019a proba\u00adble\u00adment aid\u00e9 \u00e0 se motiver et \u00e0 trouver son mojo. Je pense que nous savons tous que cette ann\u00e9e sera tr\u00e8s l\u00e9g\u00e8re pour lui en termes de calen\u00addrier. Je ne sais pas si Novak, \u00e0 39 ans, aura la m\u00eame \u00e9nergie \u00e0 Roland\u2010Garros pour essayer de remporter ces sets contre ces jeunes loups, mais il est \u00e9vident que lorsque Wimbledon arri\u00advera, nous savons \u00e0 quel point cela compte pour lui et pour tout le monde dans le monde du sport. Il sera au rendez\u2010vous, mais je ne pense pas qu\u2019il atteindra une autre finale cette ann\u00e9e, \u00e0 mon\u00a0avis.\u202f\u00bb<\/strong><\/p>\n<p class=\"post-published-date\" style=\"color: silver; font-size: 75%; text-align: left;\">Publi\u00e9 le mardi 3 f\u00e9vrier 2026 \u00e0 17:47<\/p>\n","protected":false},"excerpt":{"rendered":"Co\u2010animateur du podcast, Nothing Major, aux c\u00f4t\u00e9s de ses compa\u00adtriotes, John Isner, Sam Querrey et Steve Johnson, Jack&hellip;\n","protected":false},"author":2,"featured_media":709246,"comment_status":"","ping_status":"","sticky":false,"template":"","format":"standard","meta":{"footnotes":"","_share_on_mastodon":"0"},"categories":[1415],"tags":[105,1011,27,21365,60,1467],"class_list":["post-709245","post","type-post","status-publish","format-standard","has-post-thumbnail","category-tennis","tag-djokovic","tag-fr","tag-france","tag-isner","tag-sports","tag-tennis"],"share_on_mastodon":{"url":"https:\/\/pubeurope.com\/@fr\/116008208526316734","error":""},"_links":{"self":[{"href":"https:\/\/www.europesays.com\/fr\/wp-json\/wp\/v2\/posts\/709245","targetHints":{"allow":["GET"]}}],"collection":[{"href":"https:\/\/www.europesays.com\/fr\/wp-json\/wp\/v2\/posts"}],"about":[{"href":"https:\/\/www.europesays.com\/fr\/wp-json\/wp\/v2\/types\/post"}],"author":[{"embeddable":true,"href":"https:\/\/www.europesays.com\/fr\/wp-json\/wp\/v2\/users\/2"}],"replies":[{"embeddable":true,"href":"https:\/\/www.europesays.com\/fr\/wp-json\/wp\/v2\/comments?post=709245"}],"version-history":[{"count":0,"href":"https:\/\/www.europesays.com\/fr\/wp-json\/wp\/v2\/posts\/709245\/revisions"}],"wp:featuredmedia":[{"embeddable":true,"href":"https:\/\/www.europesays.com\/fr\/wp-json\/wp\/v2\/media\/709246"}],"wp:attachment":[{"href":"https:\/\/www.europesays.com\/fr\/wp-json\/wp\/v2\/media?parent=709245"}],"wp:term":[{"taxonomy":"category","embeddable":true,"href":"https:\/\/www.europesays.com\/fr\/wp-json\/wp\/v2\/categories?post=709245"},{"taxonomy":"post_tag","embeddable":true,"href":"https:\/\/www.europesays.com\/fr\/wp-json\/wp\/v2\/tags?post=709245"}],"curies":[{"name":"wp","href":"https:\/\/api.w.org\/{rel}","templated":true}]}}