{"id":70926,"date":"2025-05-03T04:14:07","date_gmt":"2025-05-03T04:14:07","guid":{"rendered":"https:\/\/www.europesays.com\/fr\/70926\/"},"modified":"2025-05-03T04:14:07","modified_gmt":"2025-05-03T04:14:07","slug":"motogp-grandiose-nouvelle-pour-zarco-la-honda-2eme-meilleure-machine-apres-la-ducati","status":"publish","type":"post","link":"https:\/\/www.europesays.com\/fr\/70926\/","title":{"rendered":"MotoGP Grandiose nouvelle pour Zarco, la Honda 2\u00e8me meilleure machine, apr\u00e8s la Ducati !"},"content":{"rendered":"<p>Voil\u00e0 qui devrait encourager Johann Zarco \u00e0 poursuivre sur sa belle lanc\u00e9e, cette saison en MotoGP. Particuli\u00e8rement, \u00e0 quelques jours de son Grand-Prix national, en France ! En effet, apr\u00e8s sa Wild-card du Grand-Prix d\u2019Espagne (Jerez), l\u2019un des pilotes d\u2019essais d\u2019Honda a d\u00e9clar\u00e9 que la moto Japonaise \u00e9tait probablement la deuxi\u00e8me meilleure machine du plateau. Derri\u00e8re la Ducati\u2026Avec une r\u00e9serve toutefois, ce probl\u00e8me de vibrations\u2026<\/p>\n<p>MotoGP : Aleix Espargaro \u00e9voque le bon r\u00e9sultat\u2026de Joan\u2026Mir !<\/p>\n<p>C\u2019est Aleix Espargaro qui a encens\u00e9 la Honda, apr\u00e8s sa pige Espagnole, le week-end dernier. Car, d\u2019apr\u00e8s l\u2019ancien pilote Aprilia, la machine en question dispose d\u2019un grand potentiel et se situe, selon lui, \u00e0 la deuxi\u00e8me place en termes de v\u00e9locit\u00e9, derri\u00e8re la Ducati. N\u00e9anmoins, le pilote ib\u00e9rique s\u2019appuie sur le r\u00e9sultat de Joan Mir pour \u00e9tayer ses propos et non sur le d\u00e9but de saison de Johann Zarco. Qu\u2019il ne cite \u00e9videmment pas, vestige de la relation tendue entretenue par les deux hommes ?<\/p>\n<blockquote class=\"twitter-tweet\">\n<p dir=\"ltr\" lang=\"en\">He not only looked the part on his racing return, but <a href=\"https:\/\/twitter.com\/AleixEspargaro?ref_src=twsrc%5Etfw\" target=\"_blank\" rel=\"noopener\">@AleixEspargaro<\/a> was fast and worked perfectly with the Test Team and all the other Honda riders<\/p>\n<p>Plenty more to come \ud83d\ude09 <a href=\"https:\/\/t.co\/SOe0W2Doiw\" target=\"_blank\">pic.twitter.com\/SOe0W2Doiw<\/a><\/p>\n<p>\u2014 Honda HRC Castrol \u2013 MotoGP (@HRC_MotoGP) <a href=\"https:\/\/twitter.com\/HRC_MotoGP\/status\/1917886174682902643?ref_src=twsrc%5Etfw\" target=\"_blank\" rel=\"noopener\">May 1, 2025<\/a><\/p>\n<\/blockquote>\n<p>\u201cPas grand-chose, je pense que le championnat est plus ou moins tel que je l\u2019ai laiss\u00e9 l\u2019ann\u00e9e derni\u00e8re\u201d, commentait-t-il, via le site officiel de la MotoGP, dans la foul\u00e9e de l\u2019\u00e9preuve de Jerez. Les Ducati sont au top. Je pense que Honda est le constructeur qui a le plus progress\u00e9, car je sais que les r\u00e9sultats ne sont pas brillants, mais Joan a termin\u00e9 \u00e0 quatre ou cinq secondes de la quatri\u00e8me place et je pense que huit secondes sont dues \u00e0 elles seules au chattering. Donc, sans le chattering, il pourrait se battre pour le podium, je n\u2019ai aucun doute l\u00e0-dessus\u201d, t\u00e9moigne Aleix Espargaro.<\/p>\n<p>\u201cPour le test team, il est essentiel de voir que les pilotes obtiennent des r\u00e9sultats et qu\u2019ils per\u00e7oivent des am\u00e9liorations, \u00e7a nous motive. Quand vous entrez dans une spirale n\u00e9gative, il est difficile d\u2019en sortir. <strong>Pour moi, la Honda est la deuxi\u00e8me meilleure moto de la grille apr\u00e8s la Ducati<\/strong>. Elle tourne, elle s\u2019arr\u00eate bien, le moteur a besoin d\u2019\u00eatre am\u00e9lior\u00e9 mais il est acceptable. Par contre, le chattering limite beaucoup. C\u2019est ce qu\u2019il faut r\u00e9soudre.\u201d, analyse le retrait\u00e9.<\/p>\n<\/p>\n<p>Honda savait probablement d\u00e9j\u00e0 qu\u2019elle \u00e9tait sa grande faiblesse mais l\u2019expertise d\u2019Aleix Espargaro les confortera probablement dans cette hypoth\u00e8se. Reste donc, d\u00e9sormais, \u00e0 esp\u00e9rer que cette probl\u00e9matique sera r\u00e9solue o\u00f9 minimis\u00e9e sur le circuit du Mans, dans quelques jours. Car, si tel \u00e9tait le cas, alors Johann Zarco pourrait probablement viser une premi\u00e8re ligne et peut-\u00eatre m\u00eame, un podium, sur un trac\u00e9 qui lui convient tout particuli\u00e8rement\u2026<\/p>\n<p>Sachant que lundi dernier, le Fran\u00e7ais s\u2019\u00e9tait d\u00e9clar\u00e9 satisfait des progr\u00e8s r\u00e9alis\u00e9s, lors du test de Jerez et de l\u2019introduction heureuse de diff\u00e9rentes \u00e9volutions. Les bonnes nouvelles paraissent donc s\u2019encha\u00eener, pour le pilote LCR-Honda, \u00e0 l\u2019aube de l\u2019\u00e9v\u00e9nement le plus important de sa saison.<\/p>\n<p>\u201cBien que nous ayons tous \u00e9t\u00e9 perturb\u00e9s par un fort vent, mon ressenti sur la machine \u00e9tait plut\u00f4t satisfaisant et nous furent en mesure d\u2019avoir une meilleure compr\u00e9hension de certaines choses capitales\u201d, avait alors d\u00e9clar\u00e9 JZ5, au terme de la journ\u00e9e d\u2019essais en question, dans la foul\u00e9e du Grand-Prix d\u2019Espagne 2025. Ce fut donc une journ\u00e9e positive au cours de laquelle nous avons \u00e9galement eu l\u2019opportunit\u00e9 d\u2019essayer de nouvelles pi\u00e8ces mises \u00e0 notre disposition par le HRC. Cet apport nous a permis d\u2019analyser et de comparer un bon nombre d\u2019informations.\u201d<\/p>\n<p>Article publi\u00e9 le 03\/05\/2025 \u00e0 5h55<\/p>\n<p>                                                            <script async src=\"https:\/\/platform.twitter.com\/widgets.js\" charset=\"utf-8\"><\/script><\/p>\n","protected":false},"excerpt":{"rendered":"Voil\u00e0 qui devrait encourager Johann Zarco \u00e0 poursuivre sur sa belle lanc\u00e9e, cette saison en MotoGP. Particuli\u00e8rement, \u00e0&hellip;\n","protected":false},"author":2,"featured_media":70927,"comment_status":"","ping_status":"","sticky":false,"template":"","format":"standard","meta":{"footnotes":""},"categories":[1413],"tags":[1011,27,1741,1457,1456,1458,60],"class_list":{"0":"post-70926","1":"post","2":"type-post","3":"status-publish","4":"format-standard","5":"has-post-thumbnail","7":"category-moto","8":"tag-fr","9":"tag-france","10":"tag-johann-zarco","11":"tag-moto","12":"tag-motocycle","13":"tag-motogp","14":"tag-sports"},"share_on_mastodon":{"url":"https:\/\/pubeurope.com\/@fr\/114441962349093857","error":""},"_links":{"self":[{"href":"https:\/\/www.europesays.com\/fr\/wp-json\/wp\/v2\/posts\/70926","targetHints":{"allow":["GET"]}}],"collection":[{"href":"https:\/\/www.europesays.com\/fr\/wp-json\/wp\/v2\/posts"}],"about":[{"href":"https:\/\/www.europesays.com\/fr\/wp-json\/wp\/v2\/types\/post"}],"author":[{"embeddable":true,"href":"https:\/\/www.europesays.com\/fr\/wp-json\/wp\/v2\/users\/2"}],"replies":[{"embeddable":true,"href":"https:\/\/www.europesays.com\/fr\/wp-json\/wp\/v2\/comments?post=70926"}],"version-history":[{"count":0,"href":"https:\/\/www.europesays.com\/fr\/wp-json\/wp\/v2\/posts\/70926\/revisions"}],"wp:featuredmedia":[{"embeddable":true,"href":"https:\/\/www.europesays.com\/fr\/wp-json\/wp\/v2\/media\/70927"}],"wp:attachment":[{"href":"https:\/\/www.europesays.com\/fr\/wp-json\/wp\/v2\/media?parent=70926"}],"wp:term":[{"taxonomy":"category","embeddable":true,"href":"https:\/\/www.europesays.com\/fr\/wp-json\/wp\/v2\/categories?post=70926"},{"taxonomy":"post_tag","embeddable":true,"href":"https:\/\/www.europesays.com\/fr\/wp-json\/wp\/v2\/tags?post=70926"}],"curies":[{"name":"wp","href":"https:\/\/api.w.org\/{rel}","templated":true}]}}