{"id":70954,"date":"2025-05-03T04:30:09","date_gmt":"2025-05-03T04:30:09","guid":{"rendered":"https:\/\/www.europesays.com\/fr\/70954\/"},"modified":"2025-05-03T04:30:09","modified_gmt":"2025-05-03T04:30:09","slug":"des-fantasmes-et-propos-extremes-le-profil-du-meurtrier-de-la-mosquee-de-la-grand-combe-passe-au-crible","status":"publish","type":"post","link":"https:\/\/www.europesays.com\/fr\/70954\/","title":{"rendered":"\u00ab\u00a0Des fantasmes et propos extr\u00eames\u00a0\u00bb\u00a0: le profil du meurtrier de la mosqu\u00e9e de La Grand-Combe pass\u00e9 au crible"},"content":{"rendered":"<p class=\"paragraph text_align_left\">\u00ab Une envie de tuer, obsessionnelle, quelle que soit la cible \u00bb. C\u2019est en ces termes, lors d\u2019une conf\u00e9rence de presse donn\u00e9e ce vendredi 2 mai en fin de journ\u00e9e \u00e0 N\u00eemes, que la procureure de la R\u00e9publique, C\u00e9cile Gensac, a d\u00e9crit les motivations du jeune<a href=\"https:\/\/www.leparisien.fr\/faits-divers\/meurtre-daboubakar-cisse-le-pere-du-suspect-affirme-que-son-fils-est-fou-et-presente-ses-excuses-02-05-2025-2YUX3RUQ3ZCUPFDAYXNB43JZYY.php\" target=\"_blank\" rel=\"nofollow noopener\"> Olivier Hadzovic, 21 ans<\/a>, accus\u00e9 <a href=\"https:\/\/www.leparisien.fr\/faits-divers\/gard-un-homme-tue-a-coups-de-couteau-dans-une-mosquee-pres-dales-son-agresseur-en-fuite-25-04-2025-2BRPHZ7FS5DC5ICG5TPXODH2N4.php\" target=\"_blank\" rel=\"nofollow noopener\">d\u2019avoir sauvagement assassin\u00e9 de 57 coups de couteau un autre jeune, d\u2019\u00e0 peine un an de plus que lui, Aboubakar Ciss\u00e9<\/a>, dans l\u2019enceinte de la mosqu\u00e9e Khadija \u00e0 La Grand-Combe (<a href=\"https:\/\/www.leparisien.fr\/gard-30\/\" target=\"_blank\" rel=\"nofollow noopener\">Gard<\/a>) vendredi 25 avril.<\/p>\n<p class=\"paragraph text_align_left\">L\u2019exploitation de la vid\u00e9osurveillance de la mosqu\u00e9e a permis aux enqu\u00eateurs de remonter le fil du drame, explique la magistrate. L\u2019agresseur est vu une premi\u00e8re fois \u00e0 8h45, arrivant sur son v\u00e9lo au niveau de la mosqu\u00e9e. Apr\u00e8s y \u00eatre entr\u00e9 quelques minutes, il en ressort avant d\u2019\u00eatre \u00e0 nouveau film\u00e9 \u00e0 9h11 en train d\u2019\u00e9changer dans l\u2019\u00e9difice religieux avec le jeune Malien.<\/p>\n","protected":false},"excerpt":{"rendered":"\u00ab Une envie de tuer, obsessionnelle, quelle que soit la cible \u00bb. C\u2019est en ces termes, lors d\u2019une&hellip;\n","protected":false},"author":2,"featured_media":70955,"comment_status":"","ping_status":"","sticky":false,"template":"","format":"standard","meta":{"footnotes":""},"categories":[4],"tags":[11,459,118,1011,27,12,25],"class_list":{"0":"post-70954","1":"post","2":"type-post","3":"status-publish","4":"format-standard","5":"has-post-thumbnail","7":"category-france","8":"tag-actualites","9":"tag-departements-horsidfo","10":"tag-faits-divers","11":"tag-fr","12":"tag-france","13":"tag-news","14":"tag-republique-francaise"},"share_on_mastodon":{"url":"https:\/\/pubeurope.com\/@fr\/114442025293640307","error":""},"_links":{"self":[{"href":"https:\/\/www.europesays.com\/fr\/wp-json\/wp\/v2\/posts\/70954","targetHints":{"allow":["GET"]}}],"collection":[{"href":"https:\/\/www.europesays.com\/fr\/wp-json\/wp\/v2\/posts"}],"about":[{"href":"https:\/\/www.europesays.com\/fr\/wp-json\/wp\/v2\/types\/post"}],"author":[{"embeddable":true,"href":"https:\/\/www.europesays.com\/fr\/wp-json\/wp\/v2\/users\/2"}],"replies":[{"embeddable":true,"href":"https:\/\/www.europesays.com\/fr\/wp-json\/wp\/v2\/comments?post=70954"}],"version-history":[{"count":0,"href":"https:\/\/www.europesays.com\/fr\/wp-json\/wp\/v2\/posts\/70954\/revisions"}],"wp:featuredmedia":[{"embeddable":true,"href":"https:\/\/www.europesays.com\/fr\/wp-json\/wp\/v2\/media\/70955"}],"wp:attachment":[{"href":"https:\/\/www.europesays.com\/fr\/wp-json\/wp\/v2\/media?parent=70954"}],"wp:term":[{"taxonomy":"category","embeddable":true,"href":"https:\/\/www.europesays.com\/fr\/wp-json\/wp\/v2\/categories?post=70954"},{"taxonomy":"post_tag","embeddable":true,"href":"https:\/\/www.europesays.com\/fr\/wp-json\/wp\/v2\/tags?post=70954"}],"curies":[{"name":"wp","href":"https:\/\/api.w.org\/{rel}","templated":true}]}}