{"id":70986,"date":"2025-05-03T04:52:30","date_gmt":"2025-05-03T04:52:30","guid":{"rendered":"https:\/\/www.europesays.com\/fr\/70986\/"},"modified":"2025-05-03T04:52:30","modified_gmt":"2025-05-03T04:52:30","slug":"ldc-m-nantes-retrouvera-berlin-a-cologne","status":"publish","type":"post","link":"https:\/\/www.europesays.com\/fr\/70986\/","title":{"rendered":"LDC (M) | Nantes retrouvera Berlin \u00e0 Cologne"},"content":{"rendered":"<p>                <img loading=\"lazy\" decoding=\"async\" class=\"size-full wp-image-304994\" src=\"https:\/\/www.europesays.com\/fr\/wp-content\/uploads\/2025\/05\/GUS_7496.jpg\" alt=\"\" width=\"900\" height=\"600\"\/>VAELRO RIVERA (NANTES)<\/p>\n<p style=\"text-align: justify;\"><strong>Priv\u00e9 de quarts de finale d&rsquo;European League la saison pass\u00e9e, le HBC Nantes aura l&rsquo;occasion de prendre sa revanche, cette fois-ci directement en demi-finale, lors du Final Four, \u00e0 Cologne. Le champion en titre catalan affrontera lui le SC Magdeburg.<\/strong><\/p>\n<p style=\"text-align: justify;\">Apr\u00e8s s&rsquo;\u00eatre impos\u00e9 par deux fois face au <strong>Sporting CP<\/strong>, <strong>Nantes<\/strong> a retrouv\u00e9 le chemin du Final Four de Ligue des Champions, sept ans apr\u00e8s sa finale perdue face \u00e0 <strong>Montpellier<\/strong> (<strong>27-32<\/strong>). De son c\u00f4t\u00e9, <strong>Berlin<\/strong> s&rsquo;est sorti du pi\u00e8ge danois, \u00e9galement par deux fois, bien aid\u00e9 par les prestations majuscules du meilleur joueur du monde <strong>Mathias Gidsel<\/strong>.<\/p>\n<p style=\"text-align: justify;\">Un apr\u00e8s s&rsquo;\u00eatre fait sortir en quarts par la m\u00eame \u00e9quipe, les Nantais, dans le sillage d&rsquo;une excellente prestation \u00e0 Lisbonne, devront s&#8217;employer s&rsquo;ils veulent se hisser sur la plus haute marche du podium. Nul doute que la double confrontation (<strong>33-33<\/strong> puis <strong>30-37<\/strong>) sera encore dans les esprits.<\/p>\n<p style=\"text-align: justify;\">Dans l&rsquo;autre demi-finale, on retrouve deux habitu\u00e9s de Cologne, qui s&rsquo;\u00e9taient d\u00e9j\u00e0 affront\u00e9s, au m\u00eame stade, il y a deux ans \u00e0 savoir le <strong>FC Barcelone<\/strong> et le <strong>SC Magdeburg<\/strong>. Les Allemands se sont joints \u00e0 la f\u00eate en toute fin de rencontre, gr\u00e2ce \u00e0 un ultime but de <strong>Gisli Kristjansson<\/strong>, crucifiant <strong>Veszpr\u00e9m<\/strong> \u00e0 cinq secondes du terme. De son c\u00f4t\u00e9, le champion en titre espagnol, malgr\u00e9 la d\u00e9faite \u00e0 domicile (<strong>29-30<\/strong>), ira d\u00e9fendre son titre et tentera de d\u00e9crocher une treizi\u00e8me Ligue des Champions.<\/p>\n<p>Le programme :<\/p>\n<ul>&#13;<\/p>\n<li><strong>Fusche Berlin<\/strong> vs <strong>HBC Nantes<\/strong>, samedi 14 juin \u00e0 15h<\/li>\n<p>&#13;<\/p>\n<li><strong>FC Barcelone<\/strong> vs <strong>SC Magdeburg<\/strong>, samedi 14 juin \u00e0 18h<\/li>\n<p>&#13;\n<\/ul>\n<p>\u00a0<\/p>\n<p style=\"text-align: right;\">T.A<\/p>\n","protected":false},"excerpt":{"rendered":"VAELRO RIVERA (NANTES) Priv\u00e9 de quarts de finale d&rsquo;European League la saison pass\u00e9e, le HBC Nantes aura l&rsquo;occasion&hellip;\n","protected":false},"author":2,"featured_media":70987,"comment_status":"","ping_status":"","sticky":false,"template":"","format":"standard","meta":{"footnotes":""},"categories":[2818],"tags":[1111,11,1896,1777,674,5695,17339,1011,27,17340,4343,447,766,12,17341,2636,25,17342],"class_list":{"0":"post-70986","1":"post","2":"type-post","3":"status-publish","4":"format-standard","5":"has-post-thumbnail","7":"category-nantes","8":"tag-actu","9":"tag-actualites","10":"tag-cologne","11":"tag-eu","12":"tag-europe","13":"tag-fc-barcelone","14":"tag-final-four","15":"tag-fr","16":"tag-france","17":"tag-fusche-berlin","18":"tag-hbc-nantes","19":"tag-ligue-des-champions","20":"tag-nantes","21":"tag-news","22":"tag-one-veszprem-hc","23":"tag-pays-de-la-loire","24":"tag-republique-francaise","25":"tag-sc-magdeburg"},"share_on_mastodon":{"url":"https:\/\/pubeurope.com\/@fr\/114442112399760473","error":""},"_links":{"self":[{"href":"https:\/\/www.europesays.com\/fr\/wp-json\/wp\/v2\/posts\/70986","targetHints":{"allow":["GET"]}}],"collection":[{"href":"https:\/\/www.europesays.com\/fr\/wp-json\/wp\/v2\/posts"}],"about":[{"href":"https:\/\/www.europesays.com\/fr\/wp-json\/wp\/v2\/types\/post"}],"author":[{"embeddable":true,"href":"https:\/\/www.europesays.com\/fr\/wp-json\/wp\/v2\/users\/2"}],"replies":[{"embeddable":true,"href":"https:\/\/www.europesays.com\/fr\/wp-json\/wp\/v2\/comments?post=70986"}],"version-history":[{"count":0,"href":"https:\/\/www.europesays.com\/fr\/wp-json\/wp\/v2\/posts\/70986\/revisions"}],"wp:featuredmedia":[{"embeddable":true,"href":"https:\/\/www.europesays.com\/fr\/wp-json\/wp\/v2\/media\/70987"}],"wp:attachment":[{"href":"https:\/\/www.europesays.com\/fr\/wp-json\/wp\/v2\/media?parent=70986"}],"wp:term":[{"taxonomy":"category","embeddable":true,"href":"https:\/\/www.europesays.com\/fr\/wp-json\/wp\/v2\/categories?post=70986"},{"taxonomy":"post_tag","embeddable":true,"href":"https:\/\/www.europesays.com\/fr\/wp-json\/wp\/v2\/tags?post=70986"}],"curies":[{"name":"wp","href":"https:\/\/api.w.org\/{rel}","templated":true}]}}