{"id":70998,"date":"2025-05-03T04:59:09","date_gmt":"2025-05-03T04:59:09","guid":{"rendered":"https:\/\/www.europesays.com\/fr\/70998\/"},"modified":"2025-05-03T04:59:09","modified_gmt":"2025-05-03T04:59:09","slug":"marseille-ce-celebre-vide-grenier-en-bord-de-mer-fait-son-grand-retour-voici-quand","status":"publish","type":"post","link":"https:\/\/www.europesays.com\/fr\/70998\/","title":{"rendered":"Marseille. Ce c\u00e9l\u00e8bre vide-grenier en bord de mer fait son grand retour, voici quand"},"content":{"rendered":"<p>            Par<br \/>\n        <strong><br \/>\n            <a href=\"https:\/\/actu.fr\/auteur\/benjamin-cohenroyer\" title=\"Consulter tous les articles de Benjamin Cohen Royer\" target=\"_blank\" rel=\"noopener\">Benjamin Cohen Royer<\/a><br \/>\n        <\/strong><\/p>\n<p>        Publi\u00e9 le<\/p>\n<p>            3 mai 2025 \u00e0 6h14        <\/p>\n<p>Apr\u00e8s deux mois d\u2019arr\u00eat, <a href=\"https:\/\/actu.fr\/provence-alpes-cote-d-azur\/marseille_13055\/marseille-une-grande-brocante-en-bord-de-mer-se-tient-ce-dimanche-2_62190385.html\" target=\"_blank\" rel=\"noopener\">le c\u00e9l\u00e8bre vide-greniers<\/a> de la Vieille-Chapelle est de retour sur le parking P7, dans le 8e arrondissement de <a href=\"https:\/\/actu.fr\/marseille\/\" target=\"_blank\" rel=\"noopener\">Marseille<\/a>\u00a0ce dimanche 4 mai 2025.<\/p>\n<p class=\" wall-content\">Voici ce qu\u2019il faut savoir.<\/p>\n<p>Une pause forc\u00e9e, un retour attendu<\/p>\n<p class=\" wall-content\">Le vide-greniers du parking P7, \u00e0 la Vieille-Chapelle, avait d\u00fb s\u2019interrompre pendant deux mois \u00e0 cause d\u2019un changement de soci\u00e9t\u00e9 de gestion du parking.<\/p>\n<p class=\" wall-content\"><strong>\u00ab\u2009Il a fallu du temps pour remettre tout en place\u2009\u00bb,<\/strong> explique Paulette Tomasino, organisatrice de l\u2019\u00e9v\u00e9nement et pr\u00e9sidente de l\u2019association Destination Marseille.<\/p>\n<p>      <img   decoding=\"async\" loading=\"lazy\" src=\"https:\/\/www.europesays.com\/fr\/wp-content\/uploads\/2025\/05\/img-0831-1-960x640.jpg\" alt=\"Porte-monnaie c\u00f4te de maille en argent. \" width=\"960\" height=\"640\"\/><br \/>\n    Porte-monnaie cotte de mailles en argent. (\u00a9Benjamin Cohen Royer\/actu Marseille)Vid\u00e9os : en ce moment sur Actu70\u00a0exposants attendus<\/p>\n<p class=\" wall-content\">Bonne nouvelle pour les amateurs de bonnes affaires\u2009: la brocante et le vide-grenier sont de retour ce dimanche 4 mai 2025, de 7h \u00e0 16h.<strong> V\u00eatements, bijoux, objets de d\u00e9co\u2026<\/strong> les chineurs devraient trouver leur bonheur, \u00e0 petits prix.<\/p>\n<p class=\" wall-content\">Environ 70\u00a0exposants, brocanteurs et particuliers, investiront le parking P7.<\/p>\n<p class=\" wall-content\">L\u2019occasion de chiner en bord de mer, dans une ambiance conviviale.<\/p>\n<p>Comment y participer\u2009?<\/p>\n<p class=\" wall-content\">Pour y participer en tant que vendeur, l\u2019inscription se fait par SMS\u00a0avec le nom et le lieu du vide-grenier au num\u00e9ro indiqu\u00e9 sur le site. L\u2019arriv\u00e9e est imp\u00e9rative \u00e0 7\u2009h et le d\u00e9part obligatoire \u00e0 16\u2009h. Le tarif varie entre\u00a035\u00a0euros par voiture et\u00a050\u00a0euros par camion.<\/p>\n<p class=\" wall-content\">Pour ce qui est du d\u00e9ballage, il se fait\u00a0uniquement sur table\u00a0et portant, rien ne doit \u00eatre directement pos\u00e9 au sol.<\/p>\n<p>Sur le parking P7, Vieille-Chapelle, \u00e0 Marseille (8e), ce dimanche 4\u00a0mai 2025 de 7h \u00e0 16h.<\/p>\n<p class=\" wall-content\">Suivez toute l\u2019actualit\u00e9 de vos villes et m\u00e9dias favoris en vous inscrivant \u00e0 <a href=\"https:\/\/moncompte.actu.fr\" title=\"D\u00e9couvez Mon Actu\" rel=\"nofollow noopener\" data-trk=\"{&quot;cta&quot;:{&quot;action&quot;:&quot;https:\\\/\\\/moncompte.actu.fr&quot;,&quot;category&quot;:&quot;mon compte&quot;,&quot;from&quot;:&quot;article footer&quot;,&quot;name&quot;:&quot;Mon actu&quot;,&quot;type&quot;:&quot;cta&quot;}}\" target=\"_blank\">Mon Actu<\/a>.<\/p>\n","protected":false},"excerpt":{"rendered":"Par Benjamin Cohen Royer Publi\u00e9 le 3 mai 2025 \u00e0 6h14 Apr\u00e8s deux mois d\u2019arr\u00eat, le c\u00e9l\u00e8bre vide-greniers&hellip;\n","protected":false},"author":2,"featured_media":70999,"comment_status":"","ping_status":"","sticky":false,"template":"","format":"standard","meta":{"footnotes":""},"categories":[2814],"tags":[1111,11,6961,1777,674,1011,27,884,12,5448,882,25,104,3365],"class_list":{"0":"post-70998","1":"post","2":"type-post","3":"status-publish","4":"format-standard","5":"has-post-thumbnail","7":"category-marseille","8":"tag-actu","9":"tag-actualites","10":"tag-brocante","11":"tag-eu","12":"tag-europe","13":"tag-fr","14":"tag-france","15":"tag-marseille","16":"tag-news","17":"tag-plage-du-prado","18":"tag-provence-alpes-cote-dazur","19":"tag-republique-francaise","20":"tag-societe","21":"tag-vide-greniers"},"share_on_mastodon":{"url":"https:\/\/pubeurope.com\/@fr\/114442139323786394","error":""},"_links":{"self":[{"href":"https:\/\/www.europesays.com\/fr\/wp-json\/wp\/v2\/posts\/70998","targetHints":{"allow":["GET"]}}],"collection":[{"href":"https:\/\/www.europesays.com\/fr\/wp-json\/wp\/v2\/posts"}],"about":[{"href":"https:\/\/www.europesays.com\/fr\/wp-json\/wp\/v2\/types\/post"}],"author":[{"embeddable":true,"href":"https:\/\/www.europesays.com\/fr\/wp-json\/wp\/v2\/users\/2"}],"replies":[{"embeddable":true,"href":"https:\/\/www.europesays.com\/fr\/wp-json\/wp\/v2\/comments?post=70998"}],"version-history":[{"count":0,"href":"https:\/\/www.europesays.com\/fr\/wp-json\/wp\/v2\/posts\/70998\/revisions"}],"wp:featuredmedia":[{"embeddable":true,"href":"https:\/\/www.europesays.com\/fr\/wp-json\/wp\/v2\/media\/70999"}],"wp:attachment":[{"href":"https:\/\/www.europesays.com\/fr\/wp-json\/wp\/v2\/media?parent=70998"}],"wp:term":[{"taxonomy":"category","embeddable":true,"href":"https:\/\/www.europesays.com\/fr\/wp-json\/wp\/v2\/categories?post=70998"},{"taxonomy":"post_tag","embeddable":true,"href":"https:\/\/www.europesays.com\/fr\/wp-json\/wp\/v2\/tags?post=70998"}],"curies":[{"name":"wp","href":"https:\/\/api.w.org\/{rel}","templated":true}]}}