{"id":71000,"date":"2025-05-03T05:00:14","date_gmt":"2025-05-03T05:00:14","guid":{"rendered":"https:\/\/www.europesays.com\/fr\/71000\/"},"modified":"2025-05-03T05:00:14","modified_gmt":"2025-05-03T05:00:14","slug":"marseille-ce-defi-fou-est-de-retour-des-milliers-de-participants-attendus","status":"publish","type":"post","link":"https:\/\/www.europesays.com\/fr\/71000\/","title":{"rendered":"Marseille. Ce d\u00e9fi fou est de retour, des milliers de participants attendus"},"content":{"rendered":"<p>            Par<br \/>\n        <strong><br \/>\n            <a href=\"https:\/\/actu.fr\/auteur\/benjamin-cohenroyer\" title=\"Consulter tous les articles de Benjamin Cohen Royer\" rel=\"nofollow noopener\" target=\"_blank\">Benjamin Cohen Royer<\/a><br \/>\n        <\/strong><\/p>\n<p>        Publi\u00e9 le<\/p>\n<p>            3 mai 2025 \u00e0 6h44        <\/p>\n<p>Le D\u00e9fi Monte-Cristo revient <strong>les 6, 7, 8, 14 et 15\u00a0juin 2025 <\/strong>\u00e0 <a href=\"https:\/\/actu.fr\/marseille\/\" rel=\"nofollow noopener\" target=\"_blank\">Marseille.<\/a><\/p>\n<p class=\" wall-content\">Nager comme Edmond Dant\u00e8s\u2009: depuis 1999, l\u2019\u00e9v\u00e9nement rend hommage au roman d\u2019Alexandre Dumas, en recr\u00e9ant symboliquement<strong> l\u2019\u00e9vasion de son h\u00e9ros.<\/strong><\/p>\n<p class=\" wall-content\">Au fil du temps, la course est devenue <a href=\"https:\/\/defimonte-cristo.com\/fr\" rel=\"nofollow noopener\" target=\"_blank\">l\u2019\u00e9v\u00e9nement de nage<\/a> en eau libre <strong>le plus populaire d\u2019Europe. <\/strong>Pr\u00e8s de <strong>6\u2009000 nageurs de 50 pays<\/strong> sont attendus pour parcourir les 5km du parcours entre le c\u00e9l\u00e8bre ch\u00e2teau d\u2019If et les plages du Prado.<\/p>\n<p>D\u00e9passement de soi<\/p>\n<p class=\" wall-content\">Au-del\u00e0 de la performance, le D\u00e9fi Monte-Cristo est un moment de partage et de d\u00e9passement de soi.<\/p>\n<p class=\" wall-content\">On y croise des nageurs, mais aussi des \u00e9quipes d\u2019entreprises et des personnes en situation de handicap, avec un accompagnement renforc\u00e9. Tous <strong>unis par l\u2019envie de se d\u00e9passer<\/strong>, dans un cadre exceptionnel.<\/p>\n<p>Vid\u00e9os : en ce moment sur Actu<\/p>\n<p class=\" wall-content\">\n<p>L\u2019\u00e9coresponsabilit\u00e9 de rigueur<\/p>\n<p class=\" wall-content\">Cette ann\u00e9e, l\u2019\u00e9v\u00e9nement mise aussi sur l\u2019\u00e9coresponsabilit\u00e9. Ainsi, <strong>troph\u00e9es recycl\u00e9s, navettes \u00e9lectriques et suppression des bouteilles plastiques<\/strong> sont de rigueur.<\/p>\n<p class=\" wall-content\">Un autre parcours sera \u00e9galement propos\u00e9 les 12, 13 et 14 septembre du c\u00f4t\u00e9 de La Ciotat.<\/p>\n<p class=\" wall-content\"><a href=\"https:\/\/defimonte-cristo.s3.eu-west-3.amazonaws.com\/defi25.html\" rel=\"nofollow noopener\" target=\"_blank\">Les inscriptions sont encore ouvertes\u2009!<\/a> \u00c0 vos maillots\u2009!<\/p>\n<p class=\" wall-content\">Suivez toute l\u2019actualit\u00e9 de vos villes et m\u00e9dias favoris en vous inscrivant \u00e0 <a href=\"https:\/\/moncompte.actu.fr\" title=\"D\u00e9couvez Mon Actu\" rel=\"nofollow noopener\" data-trk=\"{&quot;cta&quot;:{&quot;action&quot;:&quot;https:\\\/\\\/moncompte.actu.fr&quot;,&quot;category&quot;:&quot;mon compte&quot;,&quot;from&quot;:&quot;article footer&quot;,&quot;name&quot;:&quot;Mon actu&quot;,&quot;type&quot;:&quot;cta&quot;}}\" target=\"_blank\">Mon Actu<\/a>.<\/p>\n","protected":false},"excerpt":{"rendered":"Par Benjamin Cohen Royer Publi\u00e9 le 3 mai 2025 \u00e0 6h44 Le D\u00e9fi Monte-Cristo revient les 6, 7,&hellip;\n","protected":false},"author":2,"featured_media":71001,"comment_status":"","ping_status":"","sticky":false,"template":"","format":"standard","meta":{"footnotes":""},"categories":[2814],"tags":[1111,11,1777,674,3696,1011,27,884,12,882,25],"class_list":{"0":"post-71000","1":"post","2":"type-post","3":"status-publish","4":"format-standard","5":"has-post-thumbnail","7":"category-marseille","8":"tag-actu","9":"tag-actualites","10":"tag-eu","11":"tag-europe","12":"tag-evenements","13":"tag-fr","14":"tag-france","15":"tag-marseille","16":"tag-news","17":"tag-provence-alpes-cote-dazur","18":"tag-republique-francaise"},"share_on_mastodon":{"url":"https:\/\/pubeurope.com\/@fr\/114442143276824972","error":""},"_links":{"self":[{"href":"https:\/\/www.europesays.com\/fr\/wp-json\/wp\/v2\/posts\/71000","targetHints":{"allow":["GET"]}}],"collection":[{"href":"https:\/\/www.europesays.com\/fr\/wp-json\/wp\/v2\/posts"}],"about":[{"href":"https:\/\/www.europesays.com\/fr\/wp-json\/wp\/v2\/types\/post"}],"author":[{"embeddable":true,"href":"https:\/\/www.europesays.com\/fr\/wp-json\/wp\/v2\/users\/2"}],"replies":[{"embeddable":true,"href":"https:\/\/www.europesays.com\/fr\/wp-json\/wp\/v2\/comments?post=71000"}],"version-history":[{"count":0,"href":"https:\/\/www.europesays.com\/fr\/wp-json\/wp\/v2\/posts\/71000\/revisions"}],"wp:featuredmedia":[{"embeddable":true,"href":"https:\/\/www.europesays.com\/fr\/wp-json\/wp\/v2\/media\/71001"}],"wp:attachment":[{"href":"https:\/\/www.europesays.com\/fr\/wp-json\/wp\/v2\/media?parent=71000"}],"wp:term":[{"taxonomy":"category","embeddable":true,"href":"https:\/\/www.europesays.com\/fr\/wp-json\/wp\/v2\/categories?post=71000"},{"taxonomy":"post_tag","embeddable":true,"href":"https:\/\/www.europesays.com\/fr\/wp-json\/wp\/v2\/tags?post=71000"}],"curies":[{"name":"wp","href":"https:\/\/api.w.org\/{rel}","templated":true}]}}