{"id":710390,"date":"2026-02-04T06:40:11","date_gmt":"2026-02-04T06:40:11","guid":{"rendered":"https:\/\/www.europesays.com\/fr\/710390\/"},"modified":"2026-02-04T06:40:11","modified_gmt":"2026-02-04T06:40:11","slug":"le-photographe-cyrille-vidal-sallie-avec-sarah-lartigue-pour-laffiche-de-la-madeleine-2026","status":"publish","type":"post","link":"https:\/\/www.europesays.com\/fr\/710390\/","title":{"rendered":"le photographe Cyrille Vidal s\u2019allie avec Sarah Lartigue pour l\u2019affiche de la Madeleine 2026"},"content":{"rendered":"<p>Une sorte de revanche pour l\u2019artisan photographe, qui avait \u00e9t\u00e9 retenu en 2020. L\u2019affiche avait bien \u00e9t\u00e9 r\u00e9alis\u00e9e, mais la f\u00eate n\u2019avait pas pu se d\u00e9rouler en raison de la crise sanitaire li\u00e9e au Covid-19. L\u2019ann\u00e9e suivante, la mairie le sollicite \u00e0 nouveau. L\u00e0 encore, seuls les spectacles taurins ont pu \u00eatre organis\u00e9s. \u00ab\u00a0Je suis heureux de l\u2019honneur que vous me faites\u00a0\u00bb, a l\u00e2ch\u00e9 Cyrille Vidal devant une salle comble.<\/p>\n<p>Depuis 1995 dans le callejon<\/p>\n<p>Le photographe landais, incontournable et pr\u00e9sent sur tous les terrains, a poursuivi en rappelant son amour de la Madeleine. Des f\u00eates qu\u2019il a \u00ab\u00a0v\u00e9cues depuis qu\u2019il est n\u00e9\u00a0\u00bb. \u00ab\u00a0D\u00e9j\u00e0 tout jeune, j\u2019assistais aux corridas avec mon papa et au concours landais avec papy, raconte-t-il. Mon afici\u00f3n n\u2019a fait que grandir.\u00a0\u00bb Il n\u2019avait qu\u2019un r\u00eave, \u00ab\u00a0acc\u00e9der au callejon pour \u00eatre au plus pr\u00e8s des toreros\u00a0\u00bb. Il devient r\u00e9alit\u00e9 en 1995 \u00ab\u00a0gr\u00e2ce \u00e0 mon appareil photo\u00a0\u00bb. Plus de trois d\u00e9cennies o\u00f9 Cyrille Vidal s\u2019est forg\u00e9 d\u2019incalculables souvenirs. \u00ab\u00a0Madeleine est belle, Madeleine est grande. Le Pluma\u00e7on, un peu ma maison\u00a0\u00bb, \u00e9voque-t-il.<\/p>\n","protected":false},"excerpt":{"rendered":"Une sorte de revanche pour l\u2019artisan photographe, qui avait \u00e9t\u00e9 retenu en 2020. L\u2019affiche avait bien \u00e9t\u00e9 r\u00e9alis\u00e9e,&hellip;\n","protected":false},"author":2,"featured_media":710391,"comment_status":"","ping_status":"","sticky":false,"template":"","format":"standard","meta":{"footnotes":""},"categories":[1358],"tags":[1348,1384,1385,1386,58,59,1011,27],"class_list":{"0":"post-710390","1":"post","2":"type-post","3":"status-publish","4":"format-standard","5":"has-post-thumbnail","7":"category-arts-et-design","8":"tag-arts","9":"tag-arts-and-design","10":"tag-arts-et-design","11":"tag-design","12":"tag-divertissement","13":"tag-entertainment","14":"tag-fr","15":"tag-france"},"share_on_mastodon":{"url":"https:\/\/pubeurope.com\/@fr\/116010996385980416","error":""},"_links":{"self":[{"href":"https:\/\/www.europesays.com\/fr\/wp-json\/wp\/v2\/posts\/710390","targetHints":{"allow":["GET"]}}],"collection":[{"href":"https:\/\/www.europesays.com\/fr\/wp-json\/wp\/v2\/posts"}],"about":[{"href":"https:\/\/www.europesays.com\/fr\/wp-json\/wp\/v2\/types\/post"}],"author":[{"embeddable":true,"href":"https:\/\/www.europesays.com\/fr\/wp-json\/wp\/v2\/users\/2"}],"replies":[{"embeddable":true,"href":"https:\/\/www.europesays.com\/fr\/wp-json\/wp\/v2\/comments?post=710390"}],"version-history":[{"count":0,"href":"https:\/\/www.europesays.com\/fr\/wp-json\/wp\/v2\/posts\/710390\/revisions"}],"wp:featuredmedia":[{"embeddable":true,"href":"https:\/\/www.europesays.com\/fr\/wp-json\/wp\/v2\/media\/710391"}],"wp:attachment":[{"href":"https:\/\/www.europesays.com\/fr\/wp-json\/wp\/v2\/media?parent=710390"}],"wp:term":[{"taxonomy":"category","embeddable":true,"href":"https:\/\/www.europesays.com\/fr\/wp-json\/wp\/v2\/categories?post=710390"},{"taxonomy":"post_tag","embeddable":true,"href":"https:\/\/www.europesays.com\/fr\/wp-json\/wp\/v2\/tags?post=710390"}],"curies":[{"name":"wp","href":"https:\/\/api.w.org\/{rel}","templated":true}]}}