{"id":710457,"date":"2026-02-04T07:22:09","date_gmt":"2026-02-04T07:22:09","guid":{"rendered":"https:\/\/www.europesays.com\/fr\/710457\/"},"modified":"2026-02-04T07:22:09","modified_gmt":"2026-02-04T07:22:09","slug":"les-adversaires-de-benoit-payan-semparent-de-laffaire-de-la-societe-publique-des-ecoles","status":"publish","type":"post","link":"https:\/\/www.europesays.com\/fr\/710457\/","title":{"rendered":"les adversaires de Beno\u00eet Payan s&#8217;emparent de l&rsquo;affaire de la Soci\u00e9t\u00e9 publique des \u00e9coles"},"content":{"rendered":"<p class=\"rev-margin-0 rev-text-xs-normal\">G\u00e9rard Blanc, Romain Simmarano (Ren.) et Catherine Pila (LR), colistiers de Martine Vassal, hier \u00e0 Marseille.<\/p>\n<p class=\"rev-margin-0 rev-text-xs-bold\">\/ PHOTO SY.P.<\/p>\n<p>La conf\u00e9rence de presse a \u00e9t\u00e9 convoqu\u00e9e en urgence \u00e0 la permanence de Martine Vassal (DVD). Sur la table, le livre Le Syst\u00e8me Gu\u00e9rini, de <a href=\"https:\/\/www.laprovence.com\/article\/elections\/86663858445167\/municipales-2026-pour-renaud-muselier-a-marseille-le-match-n-a-pas-commence\" target=\"_blank\" rel=\"nofollow noopener\">Renaud Muselier<\/a>, est soigneusement pos\u00e9 en \u00e9vidence : hier, la droite a jou\u00e9 la carte de la dramatisation apr\u00e8s que Blast a r\u00e9v\u00e9l\u00e9 que le parquet avait ouvert une enqu\u00eate sur la <a href=\"https:\/\/www.laprovence.com\/article\/elections\/1120080465965514\/la-societe-des-ecoles-de-marseille-visee-par-un-signalement-de-lancien-prefet-aupres-du-procureur-de-la-republique\" target=\"_blank\" rel=\"nofollow noopener\">Soci\u00e9t\u00e9 publique des \u00e9coles marseillaises<\/a>\u00a0<a href=\"https:\/\/www.laprovence.com\/article\/elections\/1120080465965514\/la-societe-des-ecoles-de-marseille-visee-par-un-signalement-de-lancien-prefet-aupres-du-procureur-de-la-republique\" target=\"_blank\" rel=\"nofollow noopener\">(Spem)<\/a>.<\/p>\n<p>\u00c0 40 jours du 1er tour des municipales, <a href=\"https:\/\/www.laprovence.com\/article\/politique\/9143127678189514\/municipales-2026-a-marseille-romain-simmarano-cheval-de-troie-de-muselier\" target=\"_blank\" rel=\"nofollow noopener\">Romain Simmarano<\/a> (Renaissance), porte-parole de Martine Vassal (et directeur de cabinet de Renaud Muselier \u00e0 la R\u00e9gion) voit \u00ab\u00a0le visage de la campagne changer\u00a0\u00bb avec cette affaire\u00a0: \u00ab\u00a0Non seulement le Plan \u00e9coles a \u00e9t\u00e9 g\u00e2ch\u00e9 par la Ville de Marseille, Beno\u00eet Payan et la Spem, mais cet article nous d\u00e9montre que les choses ont \u00e9t\u00e9 faites de mani\u00e8re ill\u00e9gale.\u00a0\u00bb<\/p>\n<p>\u00ab\u00a0Nous demandons \u00e0 Beno\u00eet Payan de prendre ses responsabilit\u00e9s\u00a0\u00bb<\/p>\n<p>Dans le contexte inflammable d&rsquo;une campagne municipale dans laquelle Martine Vassal accuse un net retard dans les sondages face \u00e0 Beno\u00eet Payan (DVG) et Franck Allisio (RN), l&rsquo;occasion \u00e9tait (trop) belle de \u00ab\u00a0cranter\u00a0\u00bb le d\u00e9bat et de viser le candidat de gauche en tant que pr\u00e9sident de la Spem. \u00ab\u00a0Nous demandons \u00e0 Beno\u00eet Payan de prendre ses responsabilit\u00e9s \u00e0 titre personnel\u00a0\u00bb, attaque Romain Simmarano. Sous-entendu\u00a0: se retirer. L&rsquo;injonction ne manque pas de sel alors que Martine Vassal est elle-m\u00eame vis\u00e9e personnellement par une enqu\u00eate du parquet pour \u00ab\u00a0d\u00e9tournements de fonds publics\u00a0\u00bb. Les deux situations sont diff\u00e9rentes, estime Romain Simmarano\u00a0: \u00ab\u00a0Beno\u00eet Payan doit lui-m\u00eame respecter la r\u00e8gle qu&rsquo;il a \u00e9dict\u00e9e\u00a0\u00bb, c&rsquo;est-\u00e0-dire le retrait des colistiers qui \u00ab\u00a0font l&rsquo;objet d&rsquo;une condamnation, d&rsquo;une mise en examen ou d&rsquo;une enqu\u00eate pr\u00e9liminaire\u00a0\u00bb. \u00c0 ce stade, l&rsquo;enqu\u00eate du parquet semble d&rsquo;abord s&rsquo;int\u00e9resser \u00e0 la Soci\u00e9t\u00e9 des \u00e9coles en tant que telle.<\/p>\n<p>\u00ab\u00a0S&rsquo;agit-il d&rsquo;une grossi\u00e8re manipulation politique ?\u00a0\u00bb<\/p>\n<p>Du reste, depuis lundi, la quasi-totalit\u00e9 des adversaires de Beno\u00eet Payan se sont saisis de cette affaire. \u00ab\u00a0Si ces faits \u00e9taient av\u00e9r\u00e9s, nul doute que M.\u00a0Payan serait\u00a0disqualifi\u00e9 pour \u00eatre le maire de Marseille.\u00a0Nous attendons une clarification rapide de la part de la majorit\u00e9 municipale\u00a0\u00bb, a comment\u00e9 Franck Allisio dans un communiqu\u00e9. M\u00eame tonalit\u00e9 chez S\u00e9bastien Delogu (LFI), qui y voit sur X l&rsquo;\u00e9cho d&rsquo;un \u00ab\u00a0syst\u00e8me Gaudin-Gu\u00e9rini\u00a0\u00bb qui serait \u00ab\u00a0encore bien vivant. Beno\u00eet Payan doit s&rsquo;expliquer\u00a0\u00bb.<\/p>\n<p>\u00c0 l&rsquo;origine de l&rsquo;enqu\u00eate pr\u00e9liminaire qui vise Martine Vassal et candidat aux municipales, Erwan Davoux (SE) remarque sur X que Georges-Fran\u00e7ois Leclerc, qui a signal\u00e9 les faits concernant la Spem au parquet, est \u00ab\u00a0l&rsquo;actuel directeur de cabinet d&rsquo;Emmanuel Macron alors que la m\u00eame Martine Vassal est la candidate de l&rsquo;\u00c9lys\u00e9e\u00a0\u00bb. Et de s&rsquo;interroger\u00a0: \u00ab\u00a0S&rsquo;agit-il d&rsquo;une grossi\u00e8re manipulation politique de la part d&rsquo;un pr\u00e9fet qui n&rsquo;a pas laiss\u00e9 un souvenir imp\u00e9rissable \u00e0 Marseille (sauf peut-\u00eatre \u00e0 Martine Vassal)\u00a0?\u00a0\u00bb<\/p>\n","protected":false},"excerpt":{"rendered":"G\u00e9rard Blanc, Romain Simmarano (Ren.) et Catherine Pila (LR), colistiers de Martine Vassal, hier \u00e0 Marseille. \/ PHOTO&hellip;\n","protected":false},"author":2,"featured_media":710458,"comment_status":"","ping_status":"","sticky":false,"template":"","format":"standard","meta":{"footnotes":"","_share_on_mastodon":"0"},"categories":[2814],"tags":[5734,1111,11,8572,16980,1777,674,1011,27,151,884,3554,12,19988,316,882,25,80263],"class_list":["post-710457","post","type-post","status-publish","format-standard","has-post-thumbnail","category-marseille","tag-5734","tag-actu","tag-actualites","tag-adversaires","tag-benoit","tag-eu","tag-europe","tag-fr","tag-france","tag-les","tag-marseille","tag-municipales","tag-news","tag-payan","tag-politique","tag-provence-alpes-cote-dazur","tag-republique-francaise","tag-semparent"],"share_on_mastodon":{"url":"https:\/\/pubeurope.com\/@fr\/116011161595303040","error":""},"_links":{"self":[{"href":"https:\/\/www.europesays.com\/fr\/wp-json\/wp\/v2\/posts\/710457","targetHints":{"allow":["GET"]}}],"collection":[{"href":"https:\/\/www.europesays.com\/fr\/wp-json\/wp\/v2\/posts"}],"about":[{"href":"https:\/\/www.europesays.com\/fr\/wp-json\/wp\/v2\/types\/post"}],"author":[{"embeddable":true,"href":"https:\/\/www.europesays.com\/fr\/wp-json\/wp\/v2\/users\/2"}],"replies":[{"embeddable":true,"href":"https:\/\/www.europesays.com\/fr\/wp-json\/wp\/v2\/comments?post=710457"}],"version-history":[{"count":0,"href":"https:\/\/www.europesays.com\/fr\/wp-json\/wp\/v2\/posts\/710457\/revisions"}],"wp:featuredmedia":[{"embeddable":true,"href":"https:\/\/www.europesays.com\/fr\/wp-json\/wp\/v2\/media\/710458"}],"wp:attachment":[{"href":"https:\/\/www.europesays.com\/fr\/wp-json\/wp\/v2\/media?parent=710457"}],"wp:term":[{"taxonomy":"category","embeddable":true,"href":"https:\/\/www.europesays.com\/fr\/wp-json\/wp\/v2\/categories?post=710457"},{"taxonomy":"post_tag","embeddable":true,"href":"https:\/\/www.europesays.com\/fr\/wp-json\/wp\/v2\/tags?post=710457"}],"curies":[{"name":"wp","href":"https:\/\/api.w.org\/{rel}","templated":true}]}}