{"id":71051,"date":"2025-05-03T05:31:10","date_gmt":"2025-05-03T05:31:10","guid":{"rendered":"https:\/\/www.europesays.com\/fr\/71051\/"},"modified":"2025-05-03T05:31:10","modified_gmt":"2025-05-03T05:31:10","slug":"on-sait-enfin-ou-a-ete-retrouvee-la-fameuse-chouette-dor","status":"publish","type":"post","link":"https:\/\/www.europesays.com\/fr\/71051\/","title":{"rendered":"On sait enfin o\u00f9 a \u00e9t\u00e9 retrouv\u00e9e la fameuse \u00ab\u00a0Chouette d&rsquo;or\u00a0\u00bb"},"content":{"rendered":"<p>Apr\u00e8s 32 ans de myst\u00e8re, le co-inventeur de cette c\u00e9l\u00e8bre \u00e9nigme a d\u00e9voil\u00e9, vendredi, le lieu o\u00f9 a \u00e9t\u00e9 retrouv\u00e9 la solution de ce jeu de piste g\u00e9ant.C&rsquo;est dans le village de Dabo, dans l&rsquo;est de la France, que la \u00ab\u00a0Chouette d&rsquo;or\u00a0\u00bb a \u00e9t\u00e9 retrouv\u00e9e.Une nouvelle saison de cette chasse au tr\u00e9sor devrait prochainement \u00eatre lanc\u00e9e.<\/p>\n<p data-module=\"article-paragraph\" class=\"jsx-362436225 Paragraph Paragraph__End\">Fin du suspens pour la \u00ab\u00a0Chouette d&rsquo;or\u00a0\u00bb. Depuis sa d\u00e9couverte, apr\u00e8s 32 ans d&rsquo;une qu\u00eate qui a passionn\u00e9 des milliers de participants, <a href=\"https:\/\/www.tf1info.fr\/culture\/chouette-d-or-pour-connaitre-la-solution-de-la-chasse-au-tresor-il-faudra-aller-au-cinema-le-2-mai-2025-2360559.html\" rel=\"nofollow noopener\" target=\"_blank\">le secret \u00e9tait gard\u00e9 sur l&#8217;emplacement<\/a> sur lequel avait \u00e9t\u00e9 retrouv\u00e9e la statuette. Mais vendredi 2 mai au soir, le co-inventeur de l&rsquo;\u00e9nigme a lev\u00e9 le myst\u00e8re : la solution de ce jeu de piste g\u00e9ant se trouvait depuis 1993 dans le village de Dabo en Moselle. Le nom de cette localit\u00e9 de 2.500 \u00e2mes <a href=\"https:\/\/www.tf1info.fr\/societe\/clap-de-fin-pour-la-chouette-d-or-et-si-la-solution-de-ce-jeu-de-piste-vieux-de-31-ans-se-trouvait-a-dabo-2327739.html\" rel=\"nofollow noopener\" target=\"_blank\">\u00e9tait d\u00e9j\u00e0 apparu de fa\u00e7on insistante sur<\/a> les forums de discussion ces derniers mois.<\/p>\n<p>Un film pour r\u00e9v\u00e9ler l&#8217;emplacement<\/p>\n<p data-module=\"article-paragraph\" class=\"jsx-362436225 Paragraph\">Depuis l&rsquo;annonce de sa d\u00e9couverte, <a href=\"https:\/\/www.tf1info.fr\/societe\/la-fin-d-une-chasse-au-tresor-de-31-ans-la-chouette-d-or-a-ete-retrouvee-2326483.html\" rel=\"nofollow noopener\" target=\"_blank\">dans la nuit du 2 au 3\u00a0octobre 2024<\/a>, Michel Becker, responsable de cette chasse au tr\u00e9sor, m\u00e9nage ses effets, ne communiquant qu&rsquo;au compte-gouttes pour maintenir l&rsquo;int\u00e9r\u00eat des \u00ab\u00a0chouetteurs\u00a0\u00bb. Le secret \u00e9tait depuis gard\u00e9 sur l&#8217;emplacement de la d\u00e9couverte : ceux qui voulaient l&rsquo;apprendre ont d\u00fb r\u00e9server et payer leur place pour l&rsquo;une des 500 s\u00e9ances \u00e9v\u00e9nement d&rsquo;un documentaire de 1h10, <a href=\"https:\/\/www.tf1info.fr\/culture\/video-chouette-d-or-le-mystere-leve-dans-un-film-au-cinema-debut-mai-2360630.html\" rel=\"nofollow noopener\" target=\"_blank\">\u00ab\u00a0La d\u00e9couverte de la Chouette d&rsquo;or\u00a0\u00bb<\/a>, diffus\u00e9 seulement vendredi et samedi.<\/p>\n<p data-module=\"article-paragraph\" class=\"jsx-362436225 Paragraph Paragraph__End\">Dans le film, le nom de Dabo est d\u00e9voil\u00e9, ont pr\u00e9cis\u00e9 les organisateurs \u00e0 l&rsquo;AFP. Ils ont d\u00e9j\u00e0 annonc\u00e9 le lancement<a href=\"https:\/\/www.tf1info.fr\/societe\/chouette-d-or-des-details-sur-sa-decouverte-devoiles-ce-week-end-avant-une-suite-2328244.html\" rel=\"nofollow noopener\" target=\"_blank\"> d&rsquo;une nouvelle saison de cette chasse au tr\u00e9sor<\/a>. La \u00ab\u00a0Chouette d&rsquo;or\u00a0\u00bb avait \u00e9t\u00e9 enterr\u00e9e en avril 1993 dans un endroit qu&rsquo;il fallait identifier gr\u00e2ce \u00e0 11 \u00e9nigmes pr\u00e9sent\u00e9es dans le livre \u00ab\u00a0Sur la trace de la Chouette d&rsquo;or\u00a0\u00bb. D\u00e9terrer la r\u00e9plique permettait de remporter la chouette, sculpture d&rsquo;une dizaine de kilos en m\u00e9taux pr\u00e9cieux. Sa valeur avait \u00e9t\u00e9 initialement estim\u00e9e \u00e0 un million de francs (150.000 euros).<\/p>\n<p data-module=\"article-paragraph\" class=\"jsx-362436225 Paragraph Paragraph__End\">Le cr\u00e9ateur de l&rsquo;\u00e9nigme \u00e9tait un auteur de livres sur le marketing, R\u00e9gis Hauser, qui avait pris le pseudonyme de Max Valentin et qui est mort en 2009. Michel Becker a con\u00e7u la sculpture, r\u00e9alis\u00e9e par un orf\u00e8vre. Apr\u00e8s un long conflit entre Becker et les h\u00e9ritiers de Hauser, le jeu avait \u00e9t\u00e9 relanc\u00e9 en 2021, avec de nouveaux indices sur le r\u00e9seau social Discord.<\/p>\n<p>A.B. avec AFP<\/p>\n","protected":false},"excerpt":{"rendered":"Apr\u00e8s 32 ans de myst\u00e8re, le co-inventeur de cette c\u00e9l\u00e8bre \u00e9nigme a d\u00e9voil\u00e9, vendredi, le lieu o\u00f9 a&hellip;\n","protected":false},"author":2,"featured_media":71052,"comment_status":"","ping_status":"","sticky":false,"template":"","format":"standard","meta":{"footnotes":""},"categories":[1356],"tags":[1111,11,1921,58,59,1011,27,1922,2041,252,1364,133,2040],"class_list":{"0":"post-71051","1":"post","2":"type-post","3":"status-publish","4":"format-standard","5":"has-post-thumbnail","7":"category-television","8":"tag-actu","9":"tag-actualites","10":"tag-article-video","11":"tag-divertissement","12":"tag-entertainment","13":"tag-fr","14":"tag-france","15":"tag-info","16":"tag-medias-et-divertissement","17":"tag-television","18":"tag-tv","19":"tag-video","20":"tag-video-culture"},"share_on_mastodon":{"url":"https:\/\/pubeurope.com\/@fr\/114442265231989108","error":""},"_links":{"self":[{"href":"https:\/\/www.europesays.com\/fr\/wp-json\/wp\/v2\/posts\/71051","targetHints":{"allow":["GET"]}}],"collection":[{"href":"https:\/\/www.europesays.com\/fr\/wp-json\/wp\/v2\/posts"}],"about":[{"href":"https:\/\/www.europesays.com\/fr\/wp-json\/wp\/v2\/types\/post"}],"author":[{"embeddable":true,"href":"https:\/\/www.europesays.com\/fr\/wp-json\/wp\/v2\/users\/2"}],"replies":[{"embeddable":true,"href":"https:\/\/www.europesays.com\/fr\/wp-json\/wp\/v2\/comments?post=71051"}],"version-history":[{"count":0,"href":"https:\/\/www.europesays.com\/fr\/wp-json\/wp\/v2\/posts\/71051\/revisions"}],"wp:featuredmedia":[{"embeddable":true,"href":"https:\/\/www.europesays.com\/fr\/wp-json\/wp\/v2\/media\/71052"}],"wp:attachment":[{"href":"https:\/\/www.europesays.com\/fr\/wp-json\/wp\/v2\/media?parent=71051"}],"wp:term":[{"taxonomy":"category","embeddable":true,"href":"https:\/\/www.europesays.com\/fr\/wp-json\/wp\/v2\/categories?post=71051"},{"taxonomy":"post_tag","embeddable":true,"href":"https:\/\/www.europesays.com\/fr\/wp-json\/wp\/v2\/tags?post=71051"}],"curies":[{"name":"wp","href":"https:\/\/api.w.org\/{rel}","templated":true}]}}