{"id":710720,"date":"2026-02-04T09:57:10","date_gmt":"2026-02-04T09:57:10","guid":{"rendered":"https:\/\/www.europesays.com\/fr\/710720\/"},"modified":"2026-02-04T09:57:10","modified_gmt":"2026-02-04T09:57:10","slug":"la-france-souhaite-que-lue-se-montre-moins-naive-aux-cop","status":"publish","type":"post","link":"https:\/\/www.europesays.com\/fr\/710720\/","title":{"rendered":"la France souhaite que l&rsquo;UE se montre \u00ab\u00a0moins na\u00efve\u00a0\u00bb aux COP"},"content":{"rendered":"<p>Les ministres de l&rsquo;Environnement des 27 se retrouvent jeudi et vendredi \u00e0 Chypre pour une r\u00e9union informelle, notamment destin\u00e9e \u00e0 tirer un <strong>bilan de la COP30<\/strong> organis\u00e9e l&rsquo;an dernier au Br\u00e9sil.\u00a0La ministre fran\u00e7aise de la Transition \u00e9cologique, Monique Barbut, avait d\u00e9j\u00e0 exprim\u00e9 sa d\u00e9ception \u00e0 la suite de cette grande r\u00e9union de l&rsquo;ONU sur le climat, pr\u00e9conisant que \u00ab\u00a0l&rsquo;Europe affirme ses lignes rouges et se pr\u00e9pare \u00e0 refuser un accord \u00e0 une COP\u00a0\u00bb.<\/p>\n<p>L&rsquo;UE doit se montrer \u00ab\u00a0moins na\u00efve\u00a0\u00bb et le bloc de pays s&rsquo;av\u00e9rer \u00ab\u00a0plus assertif, plus exigeant, plus transactionnel aussi, si on veut peser dans ces n\u00e9gociations sur les futures COP\u00a0\u00bb, a-t-on plaid\u00e9 mardi dans son entourage avant la r\u00e9union \u00e0 Chypre.\u00a0\u00ab\u00a0On consid\u00e8re, c\u00f4t\u00e9 fran\u00e7ais, qu&rsquo;il faut vraiment <strong>une r\u00e9volution copernicienne<\/strong> sur ce sujet. Parce que les n\u00e9gociations se sont durcies et des \u00c9tats qui se censuraient un petit peu jusqu&rsquo;\u00e0 pr\u00e9sent ont une parole beaucoup plus lib\u00e9r\u00e9e <a href=\"https:\/\/www.linfodurable.fr\/politique\/accord-de-paris-quelles-repercussions-apres-le-second-retrait-des-etats-unis-54311\" target=\"_blank\" rel=\"noopener\">depuis le retrait am\u00e9ricain<\/a>\u00a0\u00bb des n\u00e9gociations climatiques, a-t-on fait valoir.<\/p>\n<p>\u00ab\u00a0On a des outils comme les accords commerciaux\u00a0\u00bb<\/p>\n<p>Le cabinet de la ministre fran\u00e7aise a notamment sugg\u00e9r\u00e9 une \u00ab\u00a0utilisation un petit peu plus politique\u00a0\u00bb de la <strong>finance relative au climat<\/strong> &#8211; qui aide les pays en d\u00e9veloppement \u00e0 limiter leurs \u00e9missions de gaz \u00e0 effet de serre ou \u00e0 s&rsquo;adapter aux changements climatiques &#8211; dont l&rsquo;Union europ\u00e9enne est \u00ab\u00a0le principal pourvoyeur\u00a0\u00bb.\u00a0\u00ab\u00a0Est-ce qu&rsquo;il faut continuer \u00e0 faire preuve de solidarit\u00e9 climatique et financi\u00e8re avec les pays qui n&rsquo;ont pas pr\u00e9sent\u00e9 leur NDC et qui, de ce fait, n&rsquo;ont pas respect\u00e9 l&rsquo;accord de Paris, leurs obligations, c&rsquo;est une question qui m\u00e9rite discussion\u00a0\u00bb, a-t-on jug\u00e9.<\/p>\n<p>Ces NDC (pour \u00ab\u00a0contributions d\u00e9termin\u00e9es au niveau national\u00a0\u00bb en fran\u00e7ais) sont les plans climatiques que chaque pays doit normalement mettre \u00e0 jour tous les 5 ans dans le cadre de <a href=\"https:\/\/www.linfodurable.fr\/politique\/dix-ans-apres-laccord-de-paris-le-climat-toujours-hors-trajectoire-53801\" target=\"_blank\" rel=\"noopener\">l&rsquo;accord de Paris de 2015<\/a>.\u00a0Mais plus de 60 pays, certains gros destinataires de la finance climatique &#8211; comme l&rsquo;Inde, l&rsquo;\u00c9gypte ou les Philippines &#8211; n&rsquo;ont pas respect\u00e9 la date limite fix\u00e9e par l&rsquo;ONU l&rsquo;an dernier pour publier leurs derniers plans.\u00a0\u00ab\u00a0On a des outils comme <strong>les accords commerciaux<\/strong>\u00ab\u00a0, dont la mise en application peut \u00eatre conditionn\u00e9e au respect de l&rsquo;accord de Paris, a encore fait valoir le cabinet de la ministre.<\/p>\n<p>Avec AFP.<\/p>\n","protected":false},"excerpt":{"rendered":"Les ministres de l&rsquo;Environnement des 27 se retrouvent jeudi et vendredi \u00e0 Chypre pour une r\u00e9union informelle, notamment&hellip;\n","protected":false},"author":2,"featured_media":710721,"comment_status":"","ping_status":"","sticky":false,"template":"","format":"standard","meta":{"footnotes":""},"categories":[1586],"tags":[11,1777,674,1779,1011,27,12,25,1778,364],"class_list":{"0":"post-710720","1":"post","2":"type-post","3":"status-publish","4":"format-standard","5":"has-post-thumbnail","7":"category-europe","8":"tag-actualites","9":"tag-eu","10":"tag-europe","11":"tag-european-union","12":"tag-fr","13":"tag-france","14":"tag-news","15":"tag-republique-francaise","16":"tag-ue","17":"tag-union-europeenne"},"share_on_mastodon":{"url":"https:\/\/pubeurope.com\/@fr\/116011771150082373","error":""},"_links":{"self":[{"href":"https:\/\/www.europesays.com\/fr\/wp-json\/wp\/v2\/posts\/710720","targetHints":{"allow":["GET"]}}],"collection":[{"href":"https:\/\/www.europesays.com\/fr\/wp-json\/wp\/v2\/posts"}],"about":[{"href":"https:\/\/www.europesays.com\/fr\/wp-json\/wp\/v2\/types\/post"}],"author":[{"embeddable":true,"href":"https:\/\/www.europesays.com\/fr\/wp-json\/wp\/v2\/users\/2"}],"replies":[{"embeddable":true,"href":"https:\/\/www.europesays.com\/fr\/wp-json\/wp\/v2\/comments?post=710720"}],"version-history":[{"count":0,"href":"https:\/\/www.europesays.com\/fr\/wp-json\/wp\/v2\/posts\/710720\/revisions"}],"wp:featuredmedia":[{"embeddable":true,"href":"https:\/\/www.europesays.com\/fr\/wp-json\/wp\/v2\/media\/710721"}],"wp:attachment":[{"href":"https:\/\/www.europesays.com\/fr\/wp-json\/wp\/v2\/media?parent=710720"}],"wp:term":[{"taxonomy":"category","embeddable":true,"href":"https:\/\/www.europesays.com\/fr\/wp-json\/wp\/v2\/categories?post=710720"},{"taxonomy":"post_tag","embeddable":true,"href":"https:\/\/www.europesays.com\/fr\/wp-json\/wp\/v2\/tags?post=710720"}],"curies":[{"name":"wp","href":"https:\/\/api.w.org\/{rel}","templated":true}]}}