{"id":710815,"date":"2026-02-04T10:56:12","date_gmt":"2026-02-04T10:56:12","guid":{"rendered":"https:\/\/www.europesays.com\/fr\/710815\/"},"modified":"2026-02-04T10:56:12","modified_gmt":"2026-02-04T10:56:12","slug":"selection-de-projets-a-surveiller-dans-votre-region-ile-de-france-3","status":"publish","type":"post","link":"https:\/\/www.europesays.com\/fr\/710815\/","title":{"rendered":"S\u00e9lection de projets \u00e0 surveiller dans votre r\u00e9gion : Ile-de-France"},"content":{"rendered":"<p>Grand Paris. Chaque semaine, gr\u00e2ce \u00e0 la veille r\u00e9alis\u00e9e par son partenaire \u00ab Vecteur Plus \u00bb, \u00ab Le Moniteur \u00bb s\u00e9lectionne des projets \u00ab \u00e0 surveiller \u00bb (intentions de ma\u00eetres d&rsquo;ouvrage, actes administratifs, d\u00e9cisions d&rsquo;urbanisme, logements autoris\u00e9s, etc.).<\/p>\n<p>LOGEMENTS<\/p>\n<p class=\"c-paragraph\"><b>A Nangis (77),<\/b> Nexity IR Programmes Domaines porte le projet de construction d\u2019une r\u00e9sidence de 100 logements de type R + 2 + combles, rue des Tanneries et chemin du Tacot. Un permis de construire a \u00e9t\u00e9 d\u00e9pos\u00e9 pour une surface de 6 466 m2 et un permis de d\u00e9molir pour 2 107 m2.<\/p>\n<p class=\"c-paragraph\">La r\u00e9sidence \u00ab Liaison verte \u00bb devrait \u00eatre livr\u00e9e au deuxi\u00e8me trimestre 2028.<\/p>\n<p class=\"c-paragraph\"><b>A Noisy-le-Grand (93), <\/b>Les Nouveaux Constructeurs programment la construction d\u2019une r\u00e9sidence en R + 6 de 123 logements, au 39, boulevard Souchet.<\/p>\n<p class=\"c-paragraph\">Une surface de 983 m2 sera d\u00e9molie. Le co\u00fbt d\u2019op\u00e9ration est estim\u00e9 \u00e0 15,5 millions d\u2019euros.<\/p>\n<p>EQUIPEMENTS PUBLICS<\/p>\n<p class=\"c-paragraph\"><b>A Paris (75), <\/b>l\u2019Ecole normale sup\u00e9rieure souhaite r\u00e9am\u00e9nager le laboratoire de r\u00e9sonance magn\u00e9tique nucl\u00e9aire du d\u00e9partement de chimie. L\u2019Atelier d\u2019architecture Ecosyst\u00e8me est ma\u00eetre d\u2019\u0153uvre.<\/p>\n<p class=\"c-paragraph\"><b>A Sartrouville (78), <\/b>la communaut\u00e9 d\u2019agglom\u00e9ration Saint-Germain Boucles de Seine pr\u00e9voit le r\u00e9am\u00e9nagement du p\u00f4le gare avec, c\u00f4t\u00e9 nord, la transformation de la gare routi\u00e8re en \u00e9co-station bus, et c\u00f4t\u00e9 sud, l\u2019implantation de stationnements v\u00e9los suppl\u00e9mentaires. Le montant estimatif des travaux s\u2019\u00e9l\u00e8ve \u00e0 5 millions d\u2019euros HT. L\u2019Atelier Silva Landscaping est ma\u00eetre d\u2019\u0153uvre.<\/p>\n<p class=\"c-paragraph\"><b>A Grigny (91),<\/b> la Ville envisage la construction d\u2019un p\u00f4le solidarit\u00e9 dans le quartier de Grigny 2.<\/p>\n<p class=\"c-paragraph\"><b>A Viry-Ch\u00e2tillon (91), <\/b>la municipalit\u00e9 projette de r\u00e9habiliter le groupe scolaire Albert-Camus.<\/p>\n<p class=\"c-paragraph\"><b>A Saint-Ouen-l\u2019Aum\u00f4ne (95), <\/b>la communaut\u00e9 d\u2019agglom\u00e9ration de Cergy-Pontoise pr\u00e9voit la construction du groupe scolaire de Liesse II qui s\u2019\u00e9tendra sur 11 590 m\u00b2 au total. L\u2019agence Ameller, Dubois est ma\u00eetre d\u2019\u0153uvre mandataire.<\/p>\n","protected":false},"excerpt":{"rendered":"Grand Paris. Chaque semaine, gr\u00e2ce \u00e0 la veille r\u00e9alis\u00e9e par son partenaire \u00ab Vecteur Plus \u00bb, \u00ab Le&hellip;\n","protected":false},"author":2,"featured_media":667388,"comment_status":"","ping_status":"","sticky":false,"template":"","format":"standard","meta":{"footnotes":"","_share_on_mastodon":"0"},"categories":[1592],"tags":[1111,11,1936,1777,674,1011,27,662,12,626,64967,25,1937,1945,2292,7333,1938],"class_list":["post-710815","post","type-post","status-publish","format-standard","has-post-thumbnail","category-ile-de-france","tag-actu","tag-actualites","tag-essonne","tag-eu","tag-europe","tag-fr","tag-france","tag-ile-de-france","tag-news","tag-paris","tag-projets-a-surveiller","tag-republique-francaise","tag-seine-et-marne","tag-seine-saint-denis","tag-val-doise","tag-vie-du-btp","tag-yvelines"],"share_on_mastodon":{"url":"https:\/\/pubeurope.com\/@fr\/116012003174625834","error":""},"_links":{"self":[{"href":"https:\/\/www.europesays.com\/fr\/wp-json\/wp\/v2\/posts\/710815","targetHints":{"allow":["GET"]}}],"collection":[{"href":"https:\/\/www.europesays.com\/fr\/wp-json\/wp\/v2\/posts"}],"about":[{"href":"https:\/\/www.europesays.com\/fr\/wp-json\/wp\/v2\/types\/post"}],"author":[{"embeddable":true,"href":"https:\/\/www.europesays.com\/fr\/wp-json\/wp\/v2\/users\/2"}],"replies":[{"embeddable":true,"href":"https:\/\/www.europesays.com\/fr\/wp-json\/wp\/v2\/comments?post=710815"}],"version-history":[{"count":0,"href":"https:\/\/www.europesays.com\/fr\/wp-json\/wp\/v2\/posts\/710815\/revisions"}],"wp:featuredmedia":[{"embeddable":true,"href":"https:\/\/www.europesays.com\/fr\/wp-json\/wp\/v2\/media\/667388"}],"wp:attachment":[{"href":"https:\/\/www.europesays.com\/fr\/wp-json\/wp\/v2\/media?parent=710815"}],"wp:term":[{"taxonomy":"category","embeddable":true,"href":"https:\/\/www.europesays.com\/fr\/wp-json\/wp\/v2\/categories?post=710815"},{"taxonomy":"post_tag","embeddable":true,"href":"https:\/\/www.europesays.com\/fr\/wp-json\/wp\/v2\/tags?post=710815"}],"curies":[{"name":"wp","href":"https:\/\/api.w.org\/{rel}","templated":true}]}}