{"id":71115,"date":"2025-05-03T06:07:10","date_gmt":"2025-05-03T06:07:10","guid":{"rendered":"https:\/\/www.europesays.com\/fr\/71115\/"},"modified":"2025-05-03T06:07:10","modified_gmt":"2025-05-03T06:07:10","slug":"voici-sur-quelle-chaine-et-a-quelle-heure-voir-le-match-en-direct-2","status":"publish","type":"post","link":"https:\/\/www.europesays.com\/fr\/71115\/","title":{"rendered":"Voici sur quelle cha\u00eene et \u00e0 quelle heure voir le match en direct"},"content":{"rendered":"<p>            Par<br \/>\n        <strong><br \/>\n            <a href=\"https:\/\/actu.fr\/auteur\/benjamin-cohenroyer\" title=\"Consulter tous les articles de Benjamin Cohen Royer\" target=\"_blank\" rel=\"noopener\">Benjamin Cohen Royer<\/a><br \/>\n        <\/strong><\/p>\n<p>        Publi\u00e9 le<\/p>\n<p>            3 mai 2025 \u00e0 6h34        <\/p>\n<p>Apr\u00e8s leur excellente prestation du week-end dernier contre Brest (4-1), les co\u00e9quipiers d\u2019Adrien Rabiot doivent encha\u00eener pour conforter leur place de dauphin du championnat.<\/p>\n<p class=\" wall-content\">C\u2019est pourquoi l\u2019Olympique de <a href=\"https:\/\/actu.fr\/marseille\/\" target=\"_blank\" rel=\"noopener\">Marseille<\/a> se pr\u00e9pare \u00e0 un d\u00e9placement p\u00e9rilleux au Stade Pierre Mauroy, pour affronter le LOSC.<\/p>\n<p class=\" wall-content\">En effet, Lille est actuellement troisi\u00e8me du championnat,<strong> \u00e0 seulement deux petits points de l\u2019OM.<\/strong><\/p>\n<p class=\" wall-content\">Un concurrent direct donc.<\/p>\n<p>Lille \u2013 OM\u2009: coup d\u2019envoi 20h45<\/p>\n<p class=\" wall-content\">La rencontre se d\u00e9roulera ce dimanche 4\u00a0mai, au stade Pierre Mauroy, \u00e0 Lille.<\/p>\n<p>Vid\u00e9os : en ce moment sur Actu<\/p>\n<p class=\" wall-content\"><strong>Le coup d\u2019envoi sera donn\u00e9 \u00e0 20h45.<\/strong><\/p>\n<p class=\" wall-content\">Les supporters pourront suivre le match <strong>en direct sur<\/strong> <a href=\"https:\/\/www.dazn.com\/fr-FR\/home\" target=\"_blank\" rel=\"noopener\">DAZN<\/a>.\u200b<\/p>\n<p>Des enjeux d\u00e9terminants<\/p>\n<p class=\" wall-content\">Une victoire permettrait \u00e0 l\u2019OM de maintenir sa position sur le podium et confirmer une qualification en Ligue des champions.<\/p>\n<p class=\" wall-content\">En revanche, <strong>une d\u00e9faite pourrait les faire chuter, relan\u00e7ant la course \u00e0 l\u2019Europe.\u200b<\/strong><\/p>\n<p class=\" wall-content\">Pour rappel, les Lillois ne sont qu\u2019\u00e0 deux points de l\u2019OM. Les co\u00e9quipiers de Jonathan David tenteront de faire chuter les olympiens.<\/p>\n<p class=\" wall-content\">Suivez toute l\u2019actualit\u00e9 de vos villes et m\u00e9dias favoris en vous inscrivant \u00e0 <a href=\"https:\/\/moncompte.actu.fr\" title=\"D\u00e9couvez Mon Actu\" rel=\"nofollow noopener\" data-trk=\"{&quot;cta&quot;:{&quot;action&quot;:&quot;https:\\\/\\\/moncompte.actu.fr&quot;,&quot;category&quot;:&quot;mon compte&quot;,&quot;from&quot;:&quot;article footer&quot;,&quot;name&quot;:&quot;Mon actu&quot;,&quot;type&quot;:&quot;cta&quot;}}\" target=\"_blank\">Mon Actu<\/a>.<\/p>\n","protected":false},"excerpt":{"rendered":"Par Benjamin Cohen Royer Publi\u00e9 le 3 mai 2025 \u00e0 6h34 Apr\u00e8s leur excellente prestation du week-end dernier&hellip;\n","protected":false},"author":2,"featured_media":71116,"comment_status":"","ping_status":"","sticky":false,"template":"","format":"standard","meta":{"footnotes":""},"categories":[2815],"tags":[1111,11,1777,674,1011,27,811,447,1307,4158,12,2333,25,60],"class_list":{"0":"post-71115","1":"post","2":"type-post","3":"status-publish","4":"format-standard","5":"has-post-thumbnail","7":"category-lille","8":"tag-actu","9":"tag-actualites","10":"tag-eu","11":"tag-europe","12":"tag-fr","13":"tag-france","14":"tag-hauts-de-france","15":"tag-ligue-des-champions","16":"tag-lille","17":"tag-losc-football","18":"tag-news","19":"tag-olympique-de-marseille-om","20":"tag-republique-francaise","21":"tag-sports"},"share_on_mastodon":{"url":"https:\/\/pubeurope.com\/@fr\/114442406655280986","error":""},"_links":{"self":[{"href":"https:\/\/www.europesays.com\/fr\/wp-json\/wp\/v2\/posts\/71115","targetHints":{"allow":["GET"]}}],"collection":[{"href":"https:\/\/www.europesays.com\/fr\/wp-json\/wp\/v2\/posts"}],"about":[{"href":"https:\/\/www.europesays.com\/fr\/wp-json\/wp\/v2\/types\/post"}],"author":[{"embeddable":true,"href":"https:\/\/www.europesays.com\/fr\/wp-json\/wp\/v2\/users\/2"}],"replies":[{"embeddable":true,"href":"https:\/\/www.europesays.com\/fr\/wp-json\/wp\/v2\/comments?post=71115"}],"version-history":[{"count":0,"href":"https:\/\/www.europesays.com\/fr\/wp-json\/wp\/v2\/posts\/71115\/revisions"}],"wp:featuredmedia":[{"embeddable":true,"href":"https:\/\/www.europesays.com\/fr\/wp-json\/wp\/v2\/media\/71116"}],"wp:attachment":[{"href":"https:\/\/www.europesays.com\/fr\/wp-json\/wp\/v2\/media?parent=71115"}],"wp:term":[{"taxonomy":"category","embeddable":true,"href":"https:\/\/www.europesays.com\/fr\/wp-json\/wp\/v2\/categories?post=71115"},{"taxonomy":"post_tag","embeddable":true,"href":"https:\/\/www.europesays.com\/fr\/wp-json\/wp\/v2\/tags?post=71115"}],"curies":[{"name":"wp","href":"https:\/\/api.w.org\/{rel}","templated":true}]}}