{"id":71117,"date":"2025-05-03T06:08:09","date_gmt":"2025-05-03T06:08:09","guid":{"rendered":"https:\/\/www.europesays.com\/fr\/71117\/"},"modified":"2025-05-03T06:08:09","modified_gmt":"2025-05-03T06:08:09","slug":"un-toit-cest-un-droit","status":"publish","type":"post","link":"https:\/\/www.europesays.com\/fr\/71117\/","title":{"rendered":"Un toit, c\u2019est un droit"},"content":{"rendered":"\n<p>La campagne du Parti de la gauche europ\u00e9enne (PGE) sur le logement est fondamentale et son \u00e9tape dans la cit\u00e9 phoc\u00e9enne, dans la maison commune des communistes, ne rel\u00e8ve pas du hasard tant Marseille est au carrefour de toutes les probl\u00e9matiques.<\/p>\n<p>Que les gauches europ\u00e9ennes s\u2019emparent, ensemble, du sujet permet non seulement de dresser un bilan de la situation actuelle, o\u00f9 les loyers flambent sous la pression sp\u00e9culative sur tout le continent, mais surtout de d\u00e9battre des solutions pour rendre effectif le droit au logement. Car cette crise syst\u00e9mique qui frappe des millions d\u2019Europ\u00e9ens s\u2019explique par des choix politiques ultralib\u00e9raux o\u00f9 le march\u00e9 fait sa loi depuis des d\u00e9cennies, tandis que les programmes de construction de logements sociaux sont de moins en moins mis en \u0153uvre.<\/p>\n<p><b>Redonner sa fonction au logement<\/b><\/p>\n<p>Il est urgent de travailler au renversement de cette aberration qui consiste \u00e0 consid\u00e9rer le logement comme une marchandise, afin de lui redonner sa fonction premi\u00e8re qui est de loger les familles, les travailleurs, les \u00e9tudiants&#8230; bref, toutes les forces vives et citoyennes.<\/p>\n<p>Le logement est constitutif de la grande question sociale, car sans toit d\u00e9cent et accessible, point de droits. S\u2019emparer de cet enjeu, c\u2019est s\u2019attaquer \u00e0 une orientation dangereuse. Dict\u00e9e notamment par les plateformes de location en ligne, cette d\u00e9rive mortif\u00e8re transforme nos cit\u00e9s en Luna Park \u00e0 touristes rendant quasi impossible l\u2019acc\u00e8s au logement \u00e0 celles et ceux qui font la ville, le territoire, le village. La question est d\u00e9mocratique. C\u2019est \u00e0 ce titre que la campagne du PGE est essentielle.<\/p>\n","protected":false},"excerpt":{"rendered":"La campagne du Parti de la gauche europ\u00e9enne (PGE) sur le logement est fondamentale et son \u00e9tape dans&hellip;\n","protected":false},"author":2,"featured_media":71118,"comment_status":"","ping_status":"","sticky":false,"template":"","format":"standard","meta":{"footnotes":""},"categories":[2814],"tags":[1111,11,1777,674,652,1011,27,884,12,882,25],"class_list":{"0":"post-71117","1":"post","2":"type-post","3":"status-publish","4":"format-standard","5":"has-post-thumbnail","7":"category-marseille","8":"tag-actu","9":"tag-actualites","10":"tag-eu","11":"tag-europe","12":"tag-famille","13":"tag-fr","14":"tag-france","15":"tag-marseille","16":"tag-news","17":"tag-provence-alpes-cote-dazur","18":"tag-republique-francaise"},"share_on_mastodon":{"url":"https:\/\/pubeurope.com\/@fr\/114442410745079964","error":""},"_links":{"self":[{"href":"https:\/\/www.europesays.com\/fr\/wp-json\/wp\/v2\/posts\/71117","targetHints":{"allow":["GET"]}}],"collection":[{"href":"https:\/\/www.europesays.com\/fr\/wp-json\/wp\/v2\/posts"}],"about":[{"href":"https:\/\/www.europesays.com\/fr\/wp-json\/wp\/v2\/types\/post"}],"author":[{"embeddable":true,"href":"https:\/\/www.europesays.com\/fr\/wp-json\/wp\/v2\/users\/2"}],"replies":[{"embeddable":true,"href":"https:\/\/www.europesays.com\/fr\/wp-json\/wp\/v2\/comments?post=71117"}],"version-history":[{"count":0,"href":"https:\/\/www.europesays.com\/fr\/wp-json\/wp\/v2\/posts\/71117\/revisions"}],"wp:featuredmedia":[{"embeddable":true,"href":"https:\/\/www.europesays.com\/fr\/wp-json\/wp\/v2\/media\/71118"}],"wp:attachment":[{"href":"https:\/\/www.europesays.com\/fr\/wp-json\/wp\/v2\/media?parent=71117"}],"wp:term":[{"taxonomy":"category","embeddable":true,"href":"https:\/\/www.europesays.com\/fr\/wp-json\/wp\/v2\/categories?post=71117"},{"taxonomy":"post_tag","embeddable":true,"href":"https:\/\/www.europesays.com\/fr\/wp-json\/wp\/v2\/tags?post=71117"}],"curies":[{"name":"wp","href":"https:\/\/api.w.org\/{rel}","templated":true}]}}