{"id":71133,"date":"2025-05-03T06:18:07","date_gmt":"2025-05-03T06:18:07","guid":{"rendered":"https:\/\/www.europesays.com\/fr\/71133\/"},"modified":"2025-05-03T06:18:07","modified_gmt":"2025-05-03T06:18:07","slug":"47-blesses-dans-des-frappes-russes-sur-kharkiv","status":"publish","type":"post","link":"https:\/\/www.europesays.com\/fr\/71133\/","title":{"rendered":"47 bless\u00e9s dans des frappes russes sur Kharkiv"},"content":{"rendered":"<p>Ce raid est survenu quelques heures apr\u00e8s des bombardements russes sur Zaporijjia, dans lesquels plus de 20 personnes ont \u00e9t\u00e9 bless\u00e9es.<\/p>\n<p class=\"fig-paragraph\">Des drones lanc\u00e9s par la Russie ont bless\u00e9 47 civils \u00e0<a href=\"http:\/\/www.lefigaro.fr\/international\/guerre-en-ukraine-des-frappes-russes-a-kharkiv-font-quatre-morts-et-35-blesses-20250404\" data-fig-type=\"NewsFlash\" data-gtm-custom-categorie=\"navigation\" data-gtm-custom-action=\"crossclick\" data-gtm-custom-label=\"Contextuel\" data-gtm-event=\"customEventSPE\" data-fig-domain=\"LEFIGARO\" target=\"_blank\" rel=\"noopener\">\u00a0Kharkiv\u00a0<\/a>(nord-est), la deuxi\u00e8me ville d&rsquo;Ukraine, a annonc\u00e9 la police locale dans la nuit de vendredi \u00e0 samedi. Et les autorit\u00e9s locales russes ont d\u00e9nonc\u00e9 de leur c\u00f4t\u00e9 une \u00abattaque massive\u00bb de l&rsquo;Ukraine sur la r\u00e9gion russe de Krasnodar (sud-ouest) qui a fait quatre bless\u00e9s.<\/p>\n<p class=\"fig-paragraph\">\u00abDes attaques hostiles sur Kharkiv ont eu pour cons\u00e9quence de blesser 47 civils\u00bb, a \u00e9crit la police locale ukrainienne sur son compte Telegram apr\u00e8s que le gouverneur r\u00e9gional, Oleg Synegoubov, eut parl\u00e9 d&rsquo;une cinquantaine de personnes touch\u00e9es, dont un enfant de 11 ans.<\/p>\n<p>Des incendies se sont d\u00e9clar\u00e9s, des immeubles et infrastructures civiles touch\u00e9es<\/p>\n<p class=\"fig-paragraph\">Quatre districts de la ville (Slobidsky, Saltivsky, Kyivsky et Osnoviansky) ont \u00e9t\u00e9 frapp\u00e9s. \u00abDes incendies se sont d\u00e9clar\u00e9s. Des immeubles r\u00e9sidentiels, des infrastructures civiles et des voitures ont \u00e9t\u00e9 endommag\u00e9s\u00bb, a ajout\u00e9 M. Synegoubov.<\/p>\n<p class=\"fig-paragraph\">Kharkiv, situ\u00e9e \u00e0 proximit\u00e9 de la fronti\u00e8re russe, a \u00e9t\u00e9 la cible d&rsquo;attaques incessantes tout au long de l&rsquo;invasion russe d\u00e9clench\u00e9e en f\u00e9vrier 2022. Ce raid est survenu quelques heures apr\u00e8s des bombardements russes sur Zaporijjia (sud), dans lesquels plus de 20 personnes ont \u00e9t\u00e9 bless\u00e9es.<\/p>\n<p>Des attaques survenant apr\u00e8s la signature d\u2019un accord historique<\/p>\n<p class=\"fig-paragraph\">Du c\u00f4t\u00e9 russe, le gouverneur r\u00e9gional de Krasnodar, V\u00e9niamine Kondratiev, a annonc\u00e9 sur Telegram que la \u00abc\u00f4te de la mer Noire dans la r\u00e9gion de Krasnodar avait \u00e9t\u00e9 vis\u00e9e ce (vendredi) soir par une attaque massive du r\u00e9gime de Kiev\u00bb. \u00abLes cons\u00e9quences les plus graves sont \u00e0 Novorossiysk o\u00f9 trois blocs d&rsquo;appartement ont \u00e9t\u00e9 endommag\u00e9s et, selon un bilan provisoire, quatre personnes ont \u00e9t\u00e9 bless\u00e9es, deux adultes et deux enfants\u00bb, a-t-il indiqu\u00e9.<\/p>\n<p class=\"fig-paragraph\">Ces derni\u00e8res frappes se sont produites apr\u00e8s la signature mercredi soir \u00e0 Washington d&rsquo;<a href=\"http:\/\/www.lefigaro.fr\/l-ukraine-s-attend-a-signer-ce-mercredi-l-accord-sur-les-minerais-avec-washington-20250430\" data-fig-type=\"NewsFlash\" data-gtm-custom-categorie=\"navigation\" data-gtm-custom-action=\"crossclick\" data-gtm-custom-label=\"Contextuel\" data-gtm-event=\"customEventSPE\" data-fig-domain=\"LEFIGARO\" target=\"_blank\" rel=\"noopener\">un accord \u00e9conomique historique<\/a>\u00a0entre l&rsquo;Ukraine et les \u00c9tats-Unis sur l&rsquo;exploitation des ressources naturelles de ce pays en guerre contre la Russie. Cette derni\u00e8re a annonc\u00e9 un cessez-le-feu de trois jours la semaine prochaine, du 8 au 10 mai, \u00e0 l&rsquo;occasion de la comm\u00e9moration \u00e0 Moscou de la victoire sur l&rsquo;Allemagne nazie durant la Seconde Guerre mondiale. Kiev a qualifi\u00e9 cette mesure de \u00abmanipulation\u00bb.<\/p>\n","protected":false},"excerpt":{"rendered":"Ce raid est survenu quelques heures apr\u00e8s des bombardements russes sur Zaporijjia, dans lesquels plus de 20 personnes&hellip;\n","protected":false},"author":2,"featured_media":71134,"comment_status":"","ping_status":"","sticky":false,"template":"","format":"standard","meta":{"footnotes":""},"categories":[1591],"tags":[1111,47,11,1109,1112,118,1887,1108,107,1106,1107,27,131,1110,1114,14,1911,12,1113,316,1885,1886,132],"class_list":{"0":"post-71133","1":"post","2":"type-post","3":"status-publish","4":"format-standard","5":"has-post-thumbnail","7":"category-russie","8":"tag-actu","9":"tag-actualite","10":"tag-actualites","11":"tag-breves","12":"tag-depeches","13":"tag-faits-divers","14":"tag-federation-de-russie","15":"tag-fil","16":"tag-fil-info","17":"tag-flash","18":"tag-flash-actu","19":"tag-france","20":"tag-guerre-en-ukraine","21":"tag-informations","22":"tag-infos","23":"tag-international","24":"tag-kharkiv","25":"tag-news","26":"tag-nouvelles","27":"tag-politique","28":"tag-russia","29":"tag-russian-federation","30":"tag-russie"},"share_on_mastodon":{"url":"https:\/\/pubeurope.com\/@fr\/114442450008061636","error":""},"_links":{"self":[{"href":"https:\/\/www.europesays.com\/fr\/wp-json\/wp\/v2\/posts\/71133","targetHints":{"allow":["GET"]}}],"collection":[{"href":"https:\/\/www.europesays.com\/fr\/wp-json\/wp\/v2\/posts"}],"about":[{"href":"https:\/\/www.europesays.com\/fr\/wp-json\/wp\/v2\/types\/post"}],"author":[{"embeddable":true,"href":"https:\/\/www.europesays.com\/fr\/wp-json\/wp\/v2\/users\/2"}],"replies":[{"embeddable":true,"href":"https:\/\/www.europesays.com\/fr\/wp-json\/wp\/v2\/comments?post=71133"}],"version-history":[{"count":0,"href":"https:\/\/www.europesays.com\/fr\/wp-json\/wp\/v2\/posts\/71133\/revisions"}],"wp:featuredmedia":[{"embeddable":true,"href":"https:\/\/www.europesays.com\/fr\/wp-json\/wp\/v2\/media\/71134"}],"wp:attachment":[{"href":"https:\/\/www.europesays.com\/fr\/wp-json\/wp\/v2\/media?parent=71133"}],"wp:term":[{"taxonomy":"category","embeddable":true,"href":"https:\/\/www.europesays.com\/fr\/wp-json\/wp\/v2\/categories?post=71133"},{"taxonomy":"post_tag","embeddable":true,"href":"https:\/\/www.europesays.com\/fr\/wp-json\/wp\/v2\/tags?post=71133"}],"curies":[{"name":"wp","href":"https:\/\/api.w.org\/{rel}","templated":true}]}}