{"id":71135,"date":"2025-05-03T06:19:09","date_gmt":"2025-05-03T06:19:09","guid":{"rendered":"https:\/\/www.europesays.com\/fr\/71135\/"},"modified":"2025-05-03T06:19:09","modified_gmt":"2025-05-03T06:19:09","slug":"guerre-en-ukraine-de-nouvelles-frappes-russes-sur-kharkiv-blessent-au-moins-47-personnes","status":"publish","type":"post","link":"https:\/\/www.europesays.com\/fr\/71135\/","title":{"rendered":"Guerre en Ukraine. De nouvelles frappes russes sur Kharkiv blessent au moins 47 personnes"},"content":{"rendered":"<p>Kharkiv, la deuxi\u00e8me ville d&rsquo;Ukraine, a de nouveau \u00e9t\u00e9 la cible de bombardements russes, dans la nuit de vendredi \u00e0 samedi, faisant au moins 47 bless\u00e9s. \u00ab Des attaques hostiles sur Kharkiv ont eu pour cons\u00e9quence de blesser 47 civils \u00bb, a \u00e9crit la police locale ukrainienne sur son compte Telegram apr\u00e8s que le gouverneur r\u00e9gional, Oleg Synegoubov, eut parl\u00e9 d&rsquo;une cinquantaine de personnes touch\u00e9es, dont un enfant de 11 ans. <\/p>\n<p>Quatre districts de la ville (Slobidsky, Saltivsky, Kyivsky et Osnoviansky) ont \u00e9t\u00e9 frapp\u00e9s. \u00ab Des incendies se sont d\u00e9clar\u00e9s. Des immeubles r\u00e9sidentiels, des infrastructures civiles et des voitures ont \u00e9t\u00e9 endommag\u00e9s \u00bb, a ajout\u00e9 Oleg Synegoubov. Kharkiv, situ\u00e9e \u00e0 proximit\u00e9 de la fronti\u00e8re russe, a \u00e9t\u00e9 <a href=\"https:\/\/www.ledauphine.com\/defense-guerre-conflit\/2025\/04\/24\/une-attaque-de-missiles-russes-fait-au-moins-9-morts-dans-la-capitale-kiev\" target=\"_blank\" rel=\"nofollow noopener\">la cible d&rsquo;attaques incessantes<\/a> tout au long de l&rsquo;invasion russe d\u00e9clench\u00e9e en f\u00e9vrier 2022.\u00a0Ce raid est survenu quelques heures apr\u00e8s des bombardements russes sur Zaporijjia (sud), dans lesquels plus de 20 personnes ont \u00e9t\u00e9 bless\u00e9es.\u00a0<\/p>\n<p>L&rsquo;accord sur les minerais en toile de fond<\/p>\n<p>Du c\u00f4t\u00e9 russe, le gouverneur r\u00e9gional de Krasnodar, V\u00e9niamine Kondratiev, a annonc\u00e9 sur Telegram que la \u00ab c\u00f4te de la mer Noire dans la r\u00e9gion de Krasnodar avait \u00e9t\u00e9 vis\u00e9e ce (vendredi) soir par une attaque massive du r\u00e9gime de Kiev \u00bb. \u00ab Les cons\u00e9quences les plus graves sont \u00e0 Novorossiysk o\u00f9 trois blocs d&rsquo;appartement ont \u00e9t\u00e9 endommag\u00e9s et, selon un bilan provisoire, quatre personnes ont \u00e9t\u00e9 bless\u00e9es, deux adultes et deux enfants \u00bb, a-t-il indiqu\u00e9. <\/p>\n<p>Ces derni\u00e8res frappes se sont produites apr\u00e8s la signature mercredi soir \u00e0 Washington <a href=\"https:\/\/www.ledauphine.com\/defense-guerre-conflit\/2025\/05\/01\/deux-mois-apres-le-clash-trump-zelensky-l-accord-sur-les-minerais-de-kiev-enfin-signe\" target=\"_blank\" rel=\"nofollow noopener\">d&rsquo;un accord \u00e9conomique historique entre l&rsquo;Ukraine et les \u00c9tats-Unis<\/a> sur l&rsquo;exploitation des ressources naturelles de ce pays en guerre contre la Russie. Cette derni\u00e8re a annonc\u00e9 un cessez-le-feu de trois jours la semaine prochaine, du 8 au 10 mai, \u00e0 l&rsquo;occasion de la comm\u00e9moration \u00e0 Moscou de la victoire sur l&rsquo;Allemagne nazie durant la Seconde Guerre mondiale. Kiev a qualifi\u00e9 cette mesure de \u00ab manipulation \u00bb.<\/p>\n","protected":false},"excerpt":{"rendered":"Kharkiv, la deuxi\u00e8me ville d&rsquo;Ukraine, a de nouveau \u00e9t\u00e9 la cible de bombardements russes, dans la nuit de&hellip;\n","protected":false},"author":2,"featured_media":71136,"comment_status":"","ping_status":"","sticky":false,"template":"","format":"standard","meta":{"footnotes":""},"categories":[1590],"tags":[11,3206,1777,674,107,329,12,220],"class_list":{"0":"post-71135","1":"post","2":"type-post","3":"status-publish","4":"format-standard","5":"has-post-thumbnail","7":"category-ukraine","8":"tag-actualites","9":"tag-defense-guerre-conflit","10":"tag-eu","11":"tag-europe","12":"tag-fil-info","13":"tag-france-monde","14":"tag-news","15":"tag-ukraine"},"share_on_mastodon":{"url":"https:\/\/pubeurope.com\/@fr\/114442453895925525","error":""},"_links":{"self":[{"href":"https:\/\/www.europesays.com\/fr\/wp-json\/wp\/v2\/posts\/71135","targetHints":{"allow":["GET"]}}],"collection":[{"href":"https:\/\/www.europesays.com\/fr\/wp-json\/wp\/v2\/posts"}],"about":[{"href":"https:\/\/www.europesays.com\/fr\/wp-json\/wp\/v2\/types\/post"}],"author":[{"embeddable":true,"href":"https:\/\/www.europesays.com\/fr\/wp-json\/wp\/v2\/users\/2"}],"replies":[{"embeddable":true,"href":"https:\/\/www.europesays.com\/fr\/wp-json\/wp\/v2\/comments?post=71135"}],"version-history":[{"count":0,"href":"https:\/\/www.europesays.com\/fr\/wp-json\/wp\/v2\/posts\/71135\/revisions"}],"wp:featuredmedia":[{"embeddable":true,"href":"https:\/\/www.europesays.com\/fr\/wp-json\/wp\/v2\/media\/71136"}],"wp:attachment":[{"href":"https:\/\/www.europesays.com\/fr\/wp-json\/wp\/v2\/media?parent=71135"}],"wp:term":[{"taxonomy":"category","embeddable":true,"href":"https:\/\/www.europesays.com\/fr\/wp-json\/wp\/v2\/categories?post=71135"},{"taxonomy":"post_tag","embeddable":true,"href":"https:\/\/www.europesays.com\/fr\/wp-json\/wp\/v2\/tags?post=71135"}],"curies":[{"name":"wp","href":"https:\/\/api.w.org\/{rel}","templated":true}]}}