{"id":71137,"date":"2025-05-03T06:20:15","date_gmt":"2025-05-03T06:20:15","guid":{"rendered":"https:\/\/www.europesays.com\/fr\/71137\/"},"modified":"2025-05-03T06:20:15","modified_gmt":"2025-05-03T06:20:15","slug":"aux-etats-unis-le-ministere-de-la-justice-attaque-les-etats-americains-qui-veulent-faire-payer-les-entreprises-polluantes","status":"publish","type":"post","link":"https:\/\/www.europesays.com\/fr\/71137\/","title":{"rendered":"Aux \u00c9tats-Unis, le minist\u00e8re de la justice attaque les \u00c9tats am\u00e9ricains qui veulent faire payer les entreprises polluantes"},"content":{"rendered":"<p>Ils \u00abr\u00e9glementent de mani\u00e8re inadmissible les \u00e9missions de gaz \u00e0 effet de serre\u00bb au-del\u00e0 de leur \u00c9tat, estime le d\u00e9partement am\u00e9ricain de la justice (l\u2019\u00e9quivalent du minist\u00e8re de la justice fran\u00e7ais) dans la plainte d\u00e9pos\u00e9e mercredi contre le Michigan et Hawa\u00ef.<\/p>\n<p>Lundi, Josh Green, le gouverneur de Hawa\u00ef (50\u00e8me \u00c9tats des \u00c9tats-Unis depuis 1959), avait annonc\u00e9 son intention de poursuivre en justice les entreprises de combustibles fossiles pour leur responsabilit\u00e9 dans le r\u00e9chauffement climatique, rapporte le <a href=\"https:\/\/www.nytimes.com\/2025\/05\/01\/climate\/michigan-hawaii-climate-lawsuits.html\" rel=\"nofollow noopener\" target=\"_blank\">New York Times<\/a>. Le but\u00a0: les obliger \u00e0 payer pour les d\u00e9g\u00e2ts, comme l\u2019incendie qui a ravag\u00e9 l\u2019\u00eele de Maui en 2023.<\/p>\n<p><img fetchpriority=\"high\" decoding=\"async\" width=\"1024\" height=\"740\" src=\"https:\/\/www.europesays.com\/fr\/wp-content\/uploads\/2025\/05\/53119800785_651a0d400a_o-1024x740.jpg\" alt=\"\" class=\"wp-image-41319\"  \/>En 2023, des incendies ont ravag\u00e9 la commune de Lahaina, sur l\u2019\u00eele hawa\u00efenne de Maui. \u00a9\u00a0State farm<\/p>\n<p>Mercredi, dans une d\u00e9cision que les experts juridiques cit\u00e9s par le quotidien am\u00e9ricain qualifient de \u00abtr\u00e8s inhabituelle\u00bb, l\u2019administration Trump a port\u00e9 plainte contre Hawa\u00ef pour bloquer l\u2019action en justice avant m\u00eame qu\u2019elle ne soit engag\u00e9e. Elle a aussi attaqu\u00e9 l\u2019\u00c9tat du Michigan, qui souhaite poursuivre l\u2019industrie des combustibles fossiles pour ses effets n\u00e9fastes sur le climat et l\u2019environnement dans son \u00c9tat.<\/p>\n<p>Rebelote jeudi. Le minist\u00e8re de la justice a annonc\u00e9 poursuivre deux nouveaux \u00c9tats d\u00e9mocrates\u00a0: celui de New York et du Vermont. Cette fois, il vise leur loi \u00abclimate superfund\u00bb, qui cherche \u00e0 faire payer aux entreprises de combustibles fossiles les co\u00fbts des dommages caus\u00e9s par les temp\u00eates et les inondations, accentu\u00e9es par le r\u00e9chauffement du climat.<\/p>\n<p>\u00abLes contribuables hawa\u00efens ne devraient pas avoir \u00e0 payer cette facture\u00bb<\/p>\n<p>Dans <a href=\"https:\/\/www.justice.gov\/opa\/pr\/justice-department-files-complaints-against-hawaii-michigan-new-york-and-vermont-over\" rel=\"nofollow noopener\" target=\"_blank\">un communiqu\u00e9<\/a> publi\u00e9 le m\u00eame jour, le minist\u00e8re de la justice a estim\u00e9 que ces lois sont \u00abanti-constitutionnelles\u00bb et que les quatre \u00c9tats f\u00e9d\u00e9r\u00e9s \u00abentravent de mani\u00e8re d\u00e9raisonnable le d\u00e9veloppement de l\u2019\u00e9nergie nationale\u00bb. \u00abLorsque les \u00c9tats cherchent \u00e0 r\u00e9glementer l\u2019\u00e9nergie au-del\u00e0 de leur autorit\u00e9 constitutionnelle ou statutaire, ils nuisent \u00e0 la capacit\u00e9 du pays \u00e0 produire de l\u2019\u00e9nergie et aident nos adversaires\u00bb, a estim\u00e9 Adam Gustafson, procureur g\u00e9n\u00e9ral adjoint du minist\u00e8re de la justice, cit\u00e9 dans le document.<\/p>\n<p>Toujours selon le New York Times, Hawa\u00ef a annonc\u00e9 poursuivre son action en justice contre des entreprises du secteur de l\u2019\u00e9nergie et l\u2019American petroleum institute devant le tribunal de l\u2019\u00c9tat, jeudi soir. \u00abLa crise climatique est l\u00e0, et les co\u00fbts pour y survivre augmentent chaque jour, a d\u00e9clar\u00e9 Josh Green. Les contribuables hawa\u00efens ne devraient pas avoir \u00e0 payer cette facture.\u00bb Aux \u00c9tats-Unis, dix \u00c9tats d\u00e9mocrates ont intent\u00e9 des actions en justice contre des entreprises polluantes.<\/p>\n<p>Depuis son retour \u00e0 la pr\u00e9sidence, Donald Trump a cibl\u00e9 les politiques en faveur du climat pour faire la part belle aux investissements dans les \u00e9nergies fossiles. Selon le <a href=\"https:\/\/www.theguardian.com\/us-news\/2025\/may\/01\/justice-department-lawsuit-climate-hawaii-michigan\" rel=\"nofollow noopener\" target=\"_blank\">Guardian et Associated Press<\/a>, les agences f\u00e9d\u00e9rales ont annonc\u00e9 favoriser le charbon, bloquer les sources d\u2019\u00e9nergies renouvelables et doubler l\u2019expansion du p\u00e9trole et du gaz.<\/p>\n","protected":false},"excerpt":{"rendered":"Ils \u00abr\u00e9glementent de mani\u00e8re inadmissible les \u00e9missions de gaz \u00e0 effet de serre\u00bb au-del\u00e0 de leur \u00c9tat, estime&hellip;\n","protected":false},"author":2,"featured_media":71138,"comment_status":"","ping_status":"","sticky":false,"template":"","format":"standard","meta":{"footnotes":""},"categories":[1589],"tags":[11,75,17356,73,1866,17357,17358,17359,415,12,1864,1865,1863,308,17360],"class_list":{"0":"post-71137","1":"post","2":"type-post","3":"status-publish","4":"format-standard","5":"has-post-thumbnail","7":"category-etats-unis","8":"tag-actualites","9":"tag-donald-trump","10":"tag-entreprises-polluantes","11":"tag-etats-unis","12":"tag-etats-unis-damerique","13":"tag-hawaii","14":"tag-josh-green","15":"tag-michigan","16":"tag-new-york","17":"tag-news","18":"tag-united-states","19":"tag-united-states-of-america","20":"tag-us","21":"tag-usa","22":"tag-vermont"},"share_on_mastodon":{"url":"https:\/\/pubeurope.com\/@fr\/114442457863540398","error":""},"_links":{"self":[{"href":"https:\/\/www.europesays.com\/fr\/wp-json\/wp\/v2\/posts\/71137","targetHints":{"allow":["GET"]}}],"collection":[{"href":"https:\/\/www.europesays.com\/fr\/wp-json\/wp\/v2\/posts"}],"about":[{"href":"https:\/\/www.europesays.com\/fr\/wp-json\/wp\/v2\/types\/post"}],"author":[{"embeddable":true,"href":"https:\/\/www.europesays.com\/fr\/wp-json\/wp\/v2\/users\/2"}],"replies":[{"embeddable":true,"href":"https:\/\/www.europesays.com\/fr\/wp-json\/wp\/v2\/comments?post=71137"}],"version-history":[{"count":0,"href":"https:\/\/www.europesays.com\/fr\/wp-json\/wp\/v2\/posts\/71137\/revisions"}],"wp:featuredmedia":[{"embeddable":true,"href":"https:\/\/www.europesays.com\/fr\/wp-json\/wp\/v2\/media\/71138"}],"wp:attachment":[{"href":"https:\/\/www.europesays.com\/fr\/wp-json\/wp\/v2\/media?parent=71137"}],"wp:term":[{"taxonomy":"category","embeddable":true,"href":"https:\/\/www.europesays.com\/fr\/wp-json\/wp\/v2\/categories?post=71137"},{"taxonomy":"post_tag","embeddable":true,"href":"https:\/\/www.europesays.com\/fr\/wp-json\/wp\/v2\/tags?post=71137"}],"curies":[{"name":"wp","href":"https:\/\/api.w.org\/{rel}","templated":true}]}}