{"id":71139,"date":"2025-05-03T06:21:11","date_gmt":"2025-05-03T06:21:11","guid":{"rendered":"https:\/\/www.europesays.com\/fr\/71139\/"},"modified":"2025-05-03T06:21:11","modified_gmt":"2025-05-03T06:21:11","slug":"lextreme-droite-emporte-des-voix-dans-un-paysage-politique-toujours-plus-fragmente-liberation","status":"publish","type":"post","link":"https:\/\/www.europesays.com\/fr\/71139\/","title":{"rendered":"l\u2019extr\u00eame droite emporte des voix dans un paysage politique toujours plus fragment\u00e9 \u2013 Lib\u00e9ration"},"content":{"rendered":"<p class=\"sc-ksZaOG ehjQrN text-element\"><a href=\"https:\/\/www.liberation.fr\/international\/europe\/nigel-farage-pire-cauchemar-des-conservateurs-britanniques-20240628_BFZ23447UBAT3GHIEAHQQKUCXQ\/\" target=\"_blank\" rel=\"nofollow noopener\" title=\"https:\/\/www.liberation.fr\/international\/europe\/nigel-farage-pire-cauchemar-des-conservateurs-britanniques-20240628_BFZ23447UBAT3GHIEAHQQKUCXQ\/\">Nigel Farage<\/a> a pass\u00e9 une partie de la nuit du jeudi 1er au vendredi 2 mai dans sa voiture, \u00e0 attendre le r\u00e9sultat final de l\u2019\u00e9lection partielle de Runcorn et Helsby. Il y a encore un an, lors des l\u00e9gislatives de 2024, cette circonscription du nord-ouest de l\u2019Angleterre, toute proche de Liverpool, comptait parmi les 50 si\u00e8ges les plus s\u00fbrs pour le Labour, qui y avait remport\u00e9 la majorit\u00e9 avec 14 000 voix d\u2019avance. La d\u00e9mission de son d\u00e9put\u00e9 travailliste, forc\u00e9 de se retirer apr\u00e8s s\u2019\u00eatre battu avec un administr\u00e9, y a d\u00e9clench\u00e9 un nouveau vote. Un de ceux qui n\u2019auraient pas d\u00fb pr\u00e9senter de difficult\u00e9 particuli\u00e8re pour le gouvernement.<\/p>\n<p class=\"sc-ksZaOG ehjQrN text-element\">Pendant la campagne, le Premier ministre, Keir Starmer, n\u2019a pas jug\u00e9 bon de se d\u00e9placer. Aurait-il d\u00fb le faire ? Aux petites heures du matin, un recompte est annonc\u00e9 : Reform UK, parti populiste d\u2019extr\u00eame droite, semble avoir quatre voix d\u2019avance sur le Labour. Jubilant, Nigel Farage n\u2019attend pas le verdict pour se r\u00e9jouir de l\u2019ajout d\u2019un cinqui\u00e8me d\u00e9put\u00e9 \u00e0 sa cohorte turquoise au Parlement. Quelques heures plus tard, toutes les additions faites, l\u2019\u00e9cart monte \u00e0 six voix. \u00abNous sommes le parti d\u2019opposition au gouvernemen<\/p>\n","protected":false},"excerpt":{"rendered":"Nigel Farage a pass\u00e9 une partie de la nuit du jeudi 1er au vendredi 2 mai dans sa&hellip;\n","protected":false},"author":2,"featured_media":71140,"comment_status":"","ping_status":"","sticky":false,"template":"","format":"standard","meta":{"footnotes":""},"categories":[1588],"tags":[11,1777,674,2581,12,473,1853,1851,1850,1852],"class_list":{"0":"post-71139","1":"post","2":"type-post","3":"status-publish","4":"format-standard","5":"has-post-thumbnail","7":"category-royaume-uni","8":"tag-actualites","9":"tag-eu","10":"tag-europe","11":"tag-keir-starmer","12":"tag-news","13":"tag-royaume-uni","14":"tag-royaume-uni-de-grande-bretagne-et-dirlande-du-nord","15":"tag-uk","16":"tag-united-kingdom","17":"tag-united-kingdom-of-great-britain-and-northern-ireland"},"share_on_mastodon":{"url":"https:\/\/pubeurope.com\/@fr\/114442461889052218","error":""},"_links":{"self":[{"href":"https:\/\/www.europesays.com\/fr\/wp-json\/wp\/v2\/posts\/71139","targetHints":{"allow":["GET"]}}],"collection":[{"href":"https:\/\/www.europesays.com\/fr\/wp-json\/wp\/v2\/posts"}],"about":[{"href":"https:\/\/www.europesays.com\/fr\/wp-json\/wp\/v2\/types\/post"}],"author":[{"embeddable":true,"href":"https:\/\/www.europesays.com\/fr\/wp-json\/wp\/v2\/users\/2"}],"replies":[{"embeddable":true,"href":"https:\/\/www.europesays.com\/fr\/wp-json\/wp\/v2\/comments?post=71139"}],"version-history":[{"count":0,"href":"https:\/\/www.europesays.com\/fr\/wp-json\/wp\/v2\/posts\/71139\/revisions"}],"wp:featuredmedia":[{"embeddable":true,"href":"https:\/\/www.europesays.com\/fr\/wp-json\/wp\/v2\/media\/71140"}],"wp:attachment":[{"href":"https:\/\/www.europesays.com\/fr\/wp-json\/wp\/v2\/media?parent=71139"}],"wp:term":[{"taxonomy":"category","embeddable":true,"href":"https:\/\/www.europesays.com\/fr\/wp-json\/wp\/v2\/categories?post=71139"},{"taxonomy":"post_tag","embeddable":true,"href":"https:\/\/www.europesays.com\/fr\/wp-json\/wp\/v2\/tags?post=71139"}],"curies":[{"name":"wp","href":"https:\/\/api.w.org\/{rel}","templated":true}]}}